{"id":998,"date":"2012-11-25T15:23:19","date_gmt":"2012-11-25T15:23:19","guid":{"rendered":"http:\/\/maricelenmoto.com\/?p=998"},"modified":"2019-07-08T15:30:46","modified_gmt":"2019-07-08T14:30:46","slug":"champagne","status":"publish","type":"post","link":"http:\/\/maricelenmoto.com\/fr\/archivos\/998","title":{"rendered":"Champagne"},"content":{"rendered":"<p><\/p>\n<p style=\"text-align: left;\">Le dernier week-end d\u2019octobre, avec un week-end de 3 jours devant nous, nous avons d\u00e9cid\u00e9 d\u2019aller faire un tour en moto, comme j\u2019aime, en prenant le temps de s\u2019arr\u00eater pour prendre des photos.<\/p>\n<p style=\"text-align: left;\">Au d\u00e9part nous avions pr\u00e9vu de prendre les 2 motos, mais un probl\u00e8me de fuite de liquide de refroidissement du SP2 nous en a emp\u00each\u00e9 et nous avons finalement d\u00fb partir les deux sur ma moto.<\/p>\n<p style=\"text-align: left;\">La destination du week-end \u00e9tait la ville de <strong>Reims<\/strong>, en <strong>Champagne<\/strong>.<\/p>\n<p style=\"text-align: left;\">Un des c\u00f4t\u00e9s n\u00e9gatifs de Paris et alentours, motardement parlant, c\u2019est que tout est plat, sans virage, tout droit. Alors la route pour arriver aux destinations n\u2019est en g\u00e9n\u00e9ral pas tr\u00e8s motardement int\u00e9ressante. Malgr\u00e9 cela, nous avons gard\u00e9\u00a0la bonne habitude d\u2019\u00e9viter les autoroutes.<\/p>\n<p style=\"text-align: left;\">Nous sommes partis le vendredi tranquillement apr\u00e8s le repas, le ciel \u00e9tait tr\u00e8s nuageux, de ces nuages tr\u00e8s bas, o\u00f9 on a l\u2019impression que c\u2019est le cr\u00e9puscule toute la journ\u00e9e. Mais au moins il ne pleuvait pas.<\/p>\n<p style=\"text-align: left;\">Nous avions 180km \u00e1 faire\u00a0: la derni\u00e8re partie entour\u00e9s de vignes et avec quelques virages (depuis qu\u2019on habite \u00e0 Paris, on a pris l\u2019habitude de les compter\u00a0\ud83d\ude00 )<\/p>\n<p style=\"text-align: left;\">Nous avions r\u00e9serv\u00e9 une Chambre d\u2019H\u00f4tes \u00e0 une vingtaine de kilom\u00e8tres de Reims, tenue par un couple charmant et accueillant (en plus d\u2019\u00eatre motards) \u2013 tr\u00e8s recommandable pour passer quelques nuits et visiter les alentours.<\/p>\n<p style=\"text-align: left;\">Nous sommes arriv\u00e9s \u00e0 temps pour qu\u2019ils nous indiquent un endroit o\u00f9 aller diner \u00e0 quelques kilom\u00e8tres. Nous y avons tr\u00e8s bien mang\u00e9.<\/p>\n<p style=\"text-align: left;\">Le samedi le jour s\u2019est lev\u00e9 avec un soleil magnifique, mais avec un froid de canard. Nous avons pris la moto pour aller jusqu\u2019\u00e0 Reims, o\u00f9 nous avons visit\u00e9 la <strong>Cath\u00e9drale<\/strong>.<\/p>\n<p style=\"text-align: center;\"><img decoding=\"async\" loading=\"lazy\" class=\"aligncenter size-full wp-image-988\" src=\"http:\/\/maricelenmoto.com\/wp-content\/uploads\/2019\/06\/002-ReimsCathedrale.jpg\" alt=\"\" width=\"675\" height=\"845\" srcset=\"http:\/\/maricelenmoto.com\/wp-content\/uploads\/2019\/06\/002-ReimsCathedrale.jpg 675w, http:\/\/maricelenmoto.com\/wp-content\/uploads\/2019\/06\/002-ReimsCathedrale-240x300.jpg 240w\" sizes=\"(max-width: 675px) 100vw, 675px\" \/><\/p>\n<p style=\"text-align: center;\"><img decoding=\"async\" loading=\"lazy\" class=\"aligncenter size-full wp-image-989\" src=\"http:\/\/maricelenmoto.com\/wp-content\/uploads\/2019\/06\/001-ReimsCathedrale.jpg\" alt=\"\" width=\"845\" height=\"570\" srcset=\"http:\/\/maricelenmoto.com\/wp-content\/uploads\/2019\/06\/001-ReimsCathedrale.jpg 845w, http:\/\/maricelenmoto.com\/wp-content\/uploads\/2019\/06\/001-ReimsCathedrale-300x202.jpg 300w, http:\/\/maricelenmoto.com\/wp-content\/uploads\/2019\/06\/001-ReimsCathedrale-768x518.jpg 768w\" sizes=\"(max-width: 845px) 100vw, 845px\" \/><\/p>\n<p style=\"text-align: left;\">Dehors le vent \u00e9tait glacial. Juan \u00e9tait congel\u00e9 (moi j\u2019avais plusieurs couches\u00a0 \u00ab\u00a0anti-froid\u00a0\u00bb). Apr\u00e8s une pause \u00ab\u00a0technique\u00a0\u00bb th\u00e9\/chocolat chaud pour se r\u00e9chauffer, et un petit tour aux alentours de la Cath\u00e9drale,<\/p>\n<p style=\"text-align: center;\"><img decoding=\"async\" loading=\"lazy\" class=\"aligncenter size-full wp-image-987\" src=\"http:\/\/maricelenmoto.com\/wp-content\/uploads\/2019\/06\/003-Reims.jpg\" alt=\"\" width=\"845\" height=\"573\" srcset=\"http:\/\/maricelenmoto.com\/wp-content\/uploads\/2019\/06\/003-Reims.jpg 845w, http:\/\/maricelenmoto.com\/wp-content\/uploads\/2019\/06\/003-Reims-300x203.jpg 300w, http:\/\/maricelenmoto.com\/wp-content\/uploads\/2019\/06\/003-Reims-768x521.jpg 768w\" sizes=\"(max-width: 845px) 100vw, 845px\" \/><\/p>\n<p style=\"text-align: center;\"><img decoding=\"async\" loading=\"lazy\" class=\"aligncenter size-full wp-image-986\" src=\"http:\/\/maricelenmoto.com\/wp-content\/uploads\/2019\/06\/004-Reims.jpg\" alt=\"\" width=\"845\" height=\"572\" srcset=\"http:\/\/maricelenmoto.com\/wp-content\/uploads\/2019\/06\/004-Reims.jpg 845w, http:\/\/maricelenmoto.com\/wp-content\/uploads\/2019\/06\/004-Reims-300x203.jpg 300w, http:\/\/maricelenmoto.com\/wp-content\/uploads\/2019\/06\/004-Reims-768x520.jpg 768w\" sizes=\"(max-width: 845px) 100vw, 845px\" \/><\/p>\n<p style=\"text-align: left;\">nous sommes all\u00e9s manger.<\/p>\n<p style=\"text-align: left;\">L\u2019apr\u00e8s-midi nous sommes all\u00e9s visiter un petit <strong>Mus\u00e9e de l\u2019Automobile, fond\u00e9 il y a quelques ann\u00e9es par un designer de Renault (Charbonneaux) avec sa collection personnelle<\/strong> qui fut ensuite compl\u00e9t\u00e9e avec de nouvelles acquisitions du Mus\u00e9e et avec des voitures priv\u00e9es pr\u00eat\u00e9es. Il n\u2019est pas tr\u00e8s grand mais il a un certain nombre de pi\u00e8ces int\u00e9ressantes. Par contre il y a peu de motos, quelques une qui ont bien besoin d\u2019\u00eatre restaur\u00e9es.<\/p>\n<p style=\"text-align: center;\">1<sup>er<\/sup> v\u00e9hicule \u00e0 vapeur<\/p>\n<p style=\"text-align: center;\"><img decoding=\"async\" loading=\"lazy\" class=\"aligncenter size-full wp-image-985\" src=\"http:\/\/maricelenmoto.com\/wp-content\/uploads\/2019\/06\/005-Musee.jpg\" alt=\"\" width=\"690\" height=\"845\" srcset=\"http:\/\/maricelenmoto.com\/wp-content\/uploads\/2019\/06\/005-Musee.jpg 690w, http:\/\/maricelenmoto.com\/wp-content\/uploads\/2019\/06\/005-Musee-245x300.jpg 245w\" sizes=\"(max-width: 690px) 100vw, 690px\" \/><\/p>\n<p style=\"text-align: center;\">Citroen Maseratti<\/p>\n<p style=\"text-align: center;\"><img decoding=\"async\" loading=\"lazy\" class=\"aligncenter size-full wp-image-983\" src=\"http:\/\/maricelenmoto.com\/wp-content\/uploads\/2019\/06\/007-Musee.jpg\" alt=\"\" width=\"845\" height=\"392\" srcset=\"http:\/\/maricelenmoto.com\/wp-content\/uploads\/2019\/06\/007-Musee.jpg 845w, http:\/\/maricelenmoto.com\/wp-content\/uploads\/2019\/06\/007-Musee-300x139.jpg 300w, http:\/\/maricelenmoto.com\/wp-content\/uploads\/2019\/06\/007-Musee-768x356.jpg 768w\" sizes=\"(max-width: 845px) 100vw, 845px\" \/><\/p>\n<p style=\"text-align: center;\">Un tandem \u00e0 moteur avec sidecar\u2026<\/p>\n<p style=\"text-align: center;\"><img decoding=\"async\" loading=\"lazy\" class=\"aligncenter size-full wp-image-984\" src=\"http:\/\/maricelenmoto.com\/wp-content\/uploads\/2019\/06\/006-Musee.jpg\" alt=\"\" width=\"570\" height=\"845\" srcset=\"http:\/\/maricelenmoto.com\/wp-content\/uploads\/2019\/06\/006-Musee.jpg 570w, http:\/\/maricelenmoto.com\/wp-content\/uploads\/2019\/06\/006-Musee-202x300.jpg 202w\" sizes=\"(max-width: 570px) 100vw, 570px\" \/><\/p>\n<p style=\"text-align: left;\">Apr\u00e8s le Mus\u00e9e, nous avons d\u00e9cid\u00e9 d\u2019aller voir la ville <strong>d\u2019Epernay<\/strong>, o\u00f9 sont bas\u00e9s la plupart des si\u00e8ges des plus grandes marques de Champagne. Nous sommes arriv\u00e9s un peu tard pour visiter une des caves.<\/p>\n<p style=\"text-align: left;\">Nous sommes donc juste all\u00e9s diner puis nous nous sommes perdus dans <strong>la \u00ab\u00a0Montagne \u00bb de Reims<\/strong> (qui sont plut\u00f4t des collines) alors qu\u2019il faisait d\u00e9j\u00e0 nuit, mais avons finalement r\u00e9ussi \u00e0 retrouver le chemin de la chambre d\u2019h\u00f4tes, o\u00f9 nous sommes arriv\u00e9s compl\u00e8tement gel\u00e9s.<\/p>\n<p style=\"text-align: left;\">Le lendemain il fallait prendre le chemin du retour, bien que nous avions un peu de temps devant nous. Nous avons profit\u00e9 de la matin\u00e9e pour <strong>partir \u00e0 la recherche d\u2019un Moulin qu\u2019il y avait sur une photo et une peinture de nos h\u00f4tes<\/strong>. Nous avons trouv\u00e9 le joli moulin en question, et nous sommes arr\u00eat\u00e9s un bon moment au milieu des vignes color\u00e9es d\u2019automne.<\/p>\n<p style=\"text-align: center;\"><img decoding=\"async\" loading=\"lazy\" class=\"aligncenter size-full wp-image-982\" src=\"http:\/\/maricelenmoto.com\/wp-content\/uploads\/2019\/06\/008-Moulin.jpg\" alt=\"\" width=\"845\" height=\"576\" srcset=\"http:\/\/maricelenmoto.com\/wp-content\/uploads\/2019\/06\/008-Moulin.jpg 845w, http:\/\/maricelenmoto.com\/wp-content\/uploads\/2019\/06\/008-Moulin-300x204.jpg 300w, http:\/\/maricelenmoto.com\/wp-content\/uploads\/2019\/06\/008-Moulin-768x524.jpg 768w\" sizes=\"(max-width: 845px) 100vw, 845px\" \/><\/p>\n<p style=\"text-align: center;\"><img decoding=\"async\" loading=\"lazy\" class=\"aligncenter size-full wp-image-981\" src=\"http:\/\/maricelenmoto.com\/wp-content\/uploads\/2019\/06\/009-Moulin.jpg\" alt=\"\" width=\"595\" height=\"420\" srcset=\"http:\/\/maricelenmoto.com\/wp-content\/uploads\/2019\/06\/009-Moulin.jpg 595w, http:\/\/maricelenmoto.com\/wp-content\/uploads\/2019\/06\/009-Moulin-300x212.jpg 300w\" sizes=\"(max-width: 595px) 100vw, 595px\" \/><\/p>\n<p style=\"text-align: center;\"><img decoding=\"async\" loading=\"lazy\" class=\"aligncenter size-full wp-image-980\" src=\"http:\/\/maricelenmoto.com\/wp-content\/uploads\/2019\/06\/010-Moulin.jpg\" alt=\"\" width=\"845\" height=\"415\" srcset=\"http:\/\/maricelenmoto.com\/wp-content\/uploads\/2019\/06\/010-Moulin.jpg 845w, http:\/\/maricelenmoto.com\/wp-content\/uploads\/2019\/06\/010-Moulin-300x147.jpg 300w, http:\/\/maricelenmoto.com\/wp-content\/uploads\/2019\/06\/010-Moulin-768x377.jpg 768w\" sizes=\"(max-width: 845px) 100vw, 845px\" \/><\/p>\n<p style=\"text-align: center;\"><img decoding=\"async\" loading=\"lazy\" class=\"aligncenter size-full wp-image-990\" src=\"http:\/\/maricelenmoto.com\/wp-content\/uploads\/2019\/06\/011-Moulin.jpg\" alt=\"\" width=\"845\" height=\"634\" srcset=\"http:\/\/maricelenmoto.com\/wp-content\/uploads\/2019\/06\/011-Moulin.jpg 845w, http:\/\/maricelenmoto.com\/wp-content\/uploads\/2019\/06\/011-Moulin-300x225.jpg 300w, http:\/\/maricelenmoto.com\/wp-content\/uploads\/2019\/06\/011-Moulin-768x576.jpg 768w\" sizes=\"(max-width: 845px) 100vw, 845px\" \/><\/p>\n<p style=\"text-align: left;\">Nous avons continu\u00e9 notre chemin par \u00ab\u00a0<strong>la Route du Champagne<\/strong>\u00ab\u00a0, <strong>qui passe au milieu de la \u00ab\u00a0montagne\u00a0\u00bb, devant un certain nombre de caves de Champagne.<\/strong><\/p>\n<p style=\"text-align: center;\"><img decoding=\"async\" loading=\"lazy\" class=\"aligncenter size-full wp-image-991\" src=\"http:\/\/maricelenmoto.com\/wp-content\/uploads\/2019\/06\/012-RouteduChampagne.jpg\" alt=\"\" width=\"634\" height=\"845\" srcset=\"http:\/\/maricelenmoto.com\/wp-content\/uploads\/2019\/06\/012-RouteduChampagne.jpg 634w, http:\/\/maricelenmoto.com\/wp-content\/uploads\/2019\/06\/012-RouteduChampagne-225x300.jpg 225w\" sizes=\"(max-width: 634px) 100vw, 634px\" \/><\/p>\n<p style=\"text-align: center;\"><img decoding=\"async\" loading=\"lazy\" class=\"aligncenter size-full wp-image-997\" src=\"http:\/\/maricelenmoto.com\/wp-content\/uploads\/2019\/06\/013-Route-du-Champagne.jpg\" alt=\"\" width=\"845\" height=\"401\" srcset=\"http:\/\/maricelenmoto.com\/wp-content\/uploads\/2019\/06\/013-Route-du-Champagne.jpg 845w, http:\/\/maricelenmoto.com\/wp-content\/uploads\/2019\/06\/013-Route-du-Champagne-300x142.jpg 300w, http:\/\/maricelenmoto.com\/wp-content\/uploads\/2019\/06\/013-Route-du-Champagne-768x364.jpg 768w\" sizes=\"(max-width: 845px) 100vw, 845px\" \/><\/p>\n<p style=\"text-align: left;\">Nous nous sommes arr\u00eat\u00e9s dans le village de <strong>Gueux<\/strong>.<\/p>\n<p style=\"text-align: center;\"><img decoding=\"async\" loading=\"lazy\" class=\"aligncenter size-full wp-image-1293\" src=\"http:\/\/maricelenmoto.midisen.com\/wp-content\/uploads\/2012\/11\/014-RouteduChampagne.jpg\" alt=\"014-RouteduChampagne\" width=\"845\" height=\"486\" \/><\/p>\n<p style=\"text-align: left;\">Il y a un certain temps on y faisait des <strong>courses automobiles et de moto: pour la premi\u00e8re fois lors du \u00ab\u00a0Grand Prix de la Marne\u00a0\u00bb en 1926,<\/strong> puis le 1er Grand Prix de France en 1938, puis la premi\u00e8re course officielle de Formule 1 en 1950 \u2013 et la derni\u00e8re course de \u00a0de Formule 1 en 1966, et la derni\u00e8re course du Championnat de France de Moto en 1972.<\/p>\n<p style=\"text-align: left;\">Une association locale a r\u00e9par\u00e9 la zone des boxs et les gradins de la ligne d\u2019arriv\u00e9e.<\/p>\n<p style=\"text-align: center;\"><img decoding=\"async\" loading=\"lazy\" class=\"aligncenter size-full wp-image-993\" src=\"http:\/\/maricelenmoto.com\/wp-content\/uploads\/2019\/06\/015-CircuitdeGueux.jpg\" alt=\"\" width=\"845\" height=\"570\" srcset=\"http:\/\/maricelenmoto.com\/wp-content\/uploads\/2019\/06\/015-CircuitdeGueux.jpg 845w, http:\/\/maricelenmoto.com\/wp-content\/uploads\/2019\/06\/015-CircuitdeGueux-300x202.jpg 300w, http:\/\/maricelenmoto.com\/wp-content\/uploads\/2019\/06\/015-CircuitdeGueux-768x518.jpg 768w\" sizes=\"(max-width: 845px) 100vw, 845px\" \/><\/p>\n<p style=\"text-align: center;\"><img decoding=\"async\" loading=\"lazy\" class=\"aligncenter size-full wp-image-994\" src=\"http:\/\/maricelenmoto.com\/wp-content\/uploads\/2019\/06\/016-CircuitdeGueux.jpg\" alt=\"\" width=\"845\" height=\"379\" srcset=\"http:\/\/maricelenmoto.com\/wp-content\/uploads\/2019\/06\/016-CircuitdeGueux.jpg 845w, http:\/\/maricelenmoto.com\/wp-content\/uploads\/2019\/06\/016-CircuitdeGueux-300x135.jpg 300w, http:\/\/maricelenmoto.com\/wp-content\/uploads\/2019\/06\/016-CircuitdeGueux-768x344.jpg 768w\" sizes=\"(max-width: 845px) 100vw, 845px\" \/><\/p>\n<p style=\"text-align: center;\"><img decoding=\"async\" loading=\"lazy\" class=\"aligncenter size-full wp-image-995\" src=\"http:\/\/maricelenmoto.com\/wp-content\/uploads\/2019\/06\/017-CircuitdeGueux.jpg\" alt=\"\" width=\"845\" height=\"405\" srcset=\"http:\/\/maricelenmoto.com\/wp-content\/uploads\/2019\/06\/017-CircuitdeGueux.jpg 845w, http:\/\/maricelenmoto.com\/wp-content\/uploads\/2019\/06\/017-CircuitdeGueux-300x144.jpg 300w, http:\/\/maricelenmoto.com\/wp-content\/uploads\/2019\/06\/017-CircuitdeGueux-768x368.jpg 768w\" sizes=\"(max-width: 845px) 100vw, 845px\" \/><\/p>\n<p>&nbsp;<\/p>\n<p style=\"text-align: left;\">Apr\u00e8s un certain nombre de photos (la plupart ne sont pas sorties \u00e9tant donn\u00e9 que mon appareil photo- de toujours, analogique- a d\u00e9cid\u00e9 de ne plus fonctionner correctement et les couleurs ne sont pas bonnes- les meilleures photos sont celles prises avec le t\u00e9l\u00e9phone portable\u2026), nous avons d\u00fb nous d\u00e9cider \u00e0 aller manger et prendre le chemin du retour\u2026<\/p>\n<p style=\"text-align: center;\"><img decoding=\"async\" loading=\"lazy\" class=\"aligncenter size-full wp-image-996\" src=\"http:\/\/maricelenmoto.com\/wp-content\/uploads\/2019\/06\/018-ChateaudeMontmort.jpg\" alt=\"\" width=\"570\" height=\"845\" srcset=\"http:\/\/maricelenmoto.com\/wp-content\/uploads\/2019\/06\/018-ChateaudeMontmort.jpg 570w, http:\/\/maricelenmoto.com\/wp-content\/uploads\/2019\/06\/018-ChateaudeMontmort-202x300.jpg 202w\" sizes=\"(max-width: 570px) 100vw, 570px\" \/><\/p>\n<p>&nbsp;<\/p>\n<p style=\"text-align: left;\">En conclusion\u00a0: Une zone superbe pour aller se promener et faire de jolies photos, nous reviendrons\u2026 quand il fera moins froid\u2026<\/p>\n<p style=\"text-align: left;\">V&rsquo;s<\/p>\n<p style=\"text-align: center;\">\n<p><\/p>","protected":false},"excerpt":{"rendered":"<p>Le dernier week-end d\u2019octobre, avec un week-end de 3 jours devant nous, nous avons d\u00e9cid\u00e9&#8230;<\/p>\n","protected":false},"author":1,"featured_media":990,"comment_status":"open","ping_status":"open","sticky":false,"template":"","format":"standard","meta":{"sfsi_plus_gutenberg_text_before_share":"","sfsi_plus_gutenberg_show_text_before_share":"","sfsi_plus_gutenberg_icon_type":"","sfsi_plus_gutenberg_icon_alignemt":"","sfsi_plus_gutenburg_max_per_row":""},"categories":[35],"tags":[40,39],"_links":{"self":[{"href":"http:\/\/maricelenmoto.com\/fr\/wp-json\/wp\/v2\/posts\/998"}],"collection":[{"href":"http:\/\/maricelenmoto.com\/fr\/wp-json\/wp\/v2\/posts"}],"about":[{"href":"http:\/\/maricelenmoto.com\/fr\/wp-json\/wp\/v2\/types\/post"}],"author":[{"embeddable":true,"href":"http:\/\/maricelenmoto.com\/fr\/wp-json\/wp\/v2\/users\/1"}],"replies":[{"embeddable":true,"href":"http:\/\/maricelenmoto.com\/fr\/wp-json\/wp\/v2\/comments?post=998"}],"version-history":[{"count":12,"href":"http:\/\/maricelenmoto.com\/fr\/wp-json\/wp\/v2\/posts\/998\/revisions"}],"predecessor-version":[{"id":1169,"href":"http:\/\/maricelenmoto.com\/fr\/wp-json\/wp\/v2\/posts\/998\/revisions\/1169"}],"wp:featuredmedia":[{"embeddable":true,"href":"http:\/\/maricelenmoto.com\/fr\/wp-json\/wp\/v2\/media\/990"}],"wp:attachment":[{"href":"http:\/\/maricelenmoto.com\/fr\/wp-json\/wp\/v2\/media?parent=998"}],"wp:term":[{"taxonomy":"category","embeddable":true,"href":"http:\/\/maricelenmoto.com\/fr\/wp-json\/wp\/v2\/categories?post=998"},{"taxonomy":"post_tag","embeddable":true,"href":"http:\/\/maricelenmoto.com\/fr\/wp-json\/wp\/v2\/tags?post=998"}],"curies":[{"name":"wp","href":"https:\/\/api.w.org\/{rel}","templated":true}]}}