{"id":842,"date":"2015-10-30T23:24:09","date_gmt":"2015-10-30T23:24:09","guid":{"rendered":"http:\/\/maricelenmoto.com\/?p=842"},"modified":"2019-07-20T23:25:47","modified_gmt":"2019-07-20T22:25:47","slug":"salida-colorida","status":"publish","type":"post","link":"http:\/\/maricelenmoto.com\/fr\/archivos\/842","title":{"rendered":"Balade aux couleurs d&rsquo;Automne"},"content":{"rendered":"<p>Ce dimanche, gr\u00e2ce au changement d\u2019heure et comme le lundi \u00e9tait f\u00e9ri\u00e9 et qu\u2019on pouvait dormir \ud83d\ude42 , on s\u2019est lev\u00e9s t\u00f4t pour voir MotoGP. Le fait est que ces derni\u00e8res saisons on ne regarde pas beaucoup les courses, ennuyeuses. On en regarde une de temps en temps a posteriori quand on a eu un retour positif sur la course (c\u2019est-\u00e0-dire 5 ou 6 d\u00e9passements dans les 3 derniers tours\u2026)\u2026 on pr\u00e9f\u00e8re les road races (que malheureusement, sauf une ou 2, on ne peut pas suivre en direct sur internet).<\/p>\n<p><strong>Mais ce dimanche il y avait Pole Position de Pedrosa<\/strong>, et comme c\u2019est la fin de la saison, on avait d\u00e9cid\u00e9 de la regarder. La course a eu son lot d\u2019\u00e9motion et de pol\u00e9mique. Comme les pol\u00e9miques me fatiguent, je garde pour moi la grande course et la victoire de Dani, qui a enfin r\u00e9cup\u00e9r\u00e9 son meilleur niveau. On croise les doigts pour qu\u2019il ait un peu plus de chance la saison prochaine.<\/p>\n<p><strong>Cela dit, la course et son r\u00e9sultat avaient termin\u00e9 de nous r\u00e9veiller<\/strong>, et comme il \u00e9tait encore t\u00f4t, et qu\u2019il ne faisait pas mauvais temps, on a d\u00e9cid\u00e9 d\u2019aller faire un tour en moto.<\/p>\n<p>Nous avons d\u00fb retarder la sortie de quelques minutes parce qu\u2019un nuage avait d\u00e9cid\u00e9 de d\u00e9charger son butin juste \u00e0 ce moment-l\u00e0. Mais \u00e7a n\u2019a pas dur\u00e9.<\/p>\n<p>L\u2019id\u00e9e du jour \u00e9tait de <strong>profiter de la sortie pour faire des photos de couleurs d\u2019automnes<\/strong>. J\u2019ai toujours aim\u00e9 les couleurs d\u2019automne, et c\u2019est compliqu\u00e9 parce qu\u2019elles arrivent d\u2019un jour \u00e0 l\u2019autre et elles s\u2019en vont en l\u2019espace d\u2019une semaine, ou m\u00eame moins s\u2019il y a beaucoup de vent ou de pluie (les deux \u00e9tant assez fr\u00e9quents \u00e0 Cork\u2026). Alors si tu rates une semaine il n\u2019y a plus de feuilles et il n\u2019y a plus de couleurs\u2026<\/p>\n<p style=\"text-align: left;\">Comme on ne connait pas encore beaucoup d\u2019endroits par ici et qu\u2019en Irlande il n\u2019y a pas beaucoup de for\u00eats, nous avons d\u00e9cid\u00e9 aller \u00e0 un endroit o\u00f9 nous sommes all\u00e9s en juin (<a href=\"http:\/\/maricelenmoto.com\/fr\/archivos\/887\" target=\"_blank\" rel=\"noopener\">CR ici<\/a>), <strong>Gougane Barra<\/strong>, \u00e0 70km de chez nous, \u00e0 peu pr\u00e8s une heure de route.<\/p>\n<p style=\"text-align: center;\"><a href=\"https:\/\/www.google.ie\/maps\/dir\/Cork\/Gougane+Barra\/Bantry\/@51.7772525,-8.8873741,10z\/data=!4m20!4m19!1m5!1m1!1s0x4844900891beb961:0xa00c7a99731c5d0!2m2!1d-8.4863157!2d51.8968917!1m5!1m1!1s0x48451abc897b089b:0x91cfbd596f4abc66!2m2!1d-9.31478!2d51.83941!1m5!1m1!1s0x48450a56fb9974b9:0xa00c7a99731a220!2m2!1d-9.4486028!2d51.6808923!3e0?hl=en\" target=\"_blank\" rel=\"noopener\"><img decoding=\"async\" loading=\"lazy\" class=\"aligncenter wp-image-862 size-full\" src=\"http:\/\/maricelenmoto.com\/wp-content\/uploads\/2019\/06\/2015.10-Salida-colorida.jpg\" alt=\"\" width=\"450\" height=\"281\" srcset=\"http:\/\/maricelenmoto.com\/wp-content\/uploads\/2019\/06\/2015.10-Salida-colorida.jpg 450w, http:\/\/maricelenmoto.com\/wp-content\/uploads\/2019\/06\/2015.10-Salida-colorida-300x187.jpg 300w\" sizes=\"(max-width: 450px) 100vw, 450px\" \/><\/a><\/p>\n<p style=\"text-align: left;\">La route pour y aller est tr\u00e8s agr\u00e9able, la premi\u00e8re partie assez rapide, et ensuite par une route pas tr\u00e8s large et un peu cahoteuse mais avec de beaux virages. En automne elle est superbe,<strong> les haies qui bordent la route se colorent d\u2019automne, et comme il avait plu, un parfum de feuilles mouill\u00e9es et de bois impr\u00e9gnait le chemin.<\/strong> J\u2019ouvrai ma visi\u00e8re pour en profiter au maximum.<\/p>\n<p style=\"text-align: left;\">La vue autour de la route \u00e9tait superbe, les montagnes qui en \u00e9t\u00e9 ressemblent \u00e0 du velours vert se teignent de marron rouge\u00e2tre, orang\u00e9 ou jaune, les arbres qui bordent les champs se colorent de jaune et les jardins se teignent de rouge, jaune, orange ou vert clair, un arc-en-ciel d\u2019arbres.<\/p>\n<p style=\"text-align: left;\">Nous nous arr\u00eations une premi\u00e8re fois au bord de la route le temps d\u2019une photo avant de continuer.<\/p>\n<p><img decoding=\"async\" loading=\"lazy\" class=\"aligncenter size-full wp-image-856\" src=\"http:\/\/maricelenmoto.com\/wp-content\/uploads\/2019\/06\/001-Primera-parada.jpg\" alt=\"\" width=\"845\" height=\"561\" srcset=\"http:\/\/maricelenmoto.com\/wp-content\/uploads\/2019\/06\/001-Primera-parada.jpg 845w, http:\/\/maricelenmoto.com\/wp-content\/uploads\/2019\/06\/001-Primera-parada-300x199.jpg 300w, http:\/\/maricelenmoto.com\/wp-content\/uploads\/2019\/06\/001-Primera-parada-768x510.jpg 768w\" sizes=\"(max-width: 845px) 100vw, 845px\" \/><\/p>\n<p>Avec ces routes si \u00e9troites et avec tant de virages, je ne peux pas m\u2019arr\u00eater autant de fois que je le voudrais parce qu\u2019il n\u2019y a pas de place (heureusement pour Juan\u00a0\ud83d\ude00 ).<\/p>\n<p>Finalement nous sommes arriv\u00e9s \u00e0 Gougane Barra. Certains arbres avaient d\u00e9j\u00e0 perdu leurs feuilles mais les couleurs n\u2019avaient rien \u00e0 voir avec quand nous \u00e9tions venus en juin. Le ciel \u00e9tait couvert (de fait il a plu un peu quand nous sommes arriv\u00e9s), et comme souvent, la lumi\u00e8re \u00e9tait compliqu\u00e9e pour les photos. Mais \u00e7a ne m\u2019a pas emp\u00each\u00e9e d\u2019en prendre\u00a0\ud83d\ude09 .<\/p>\n<p><img decoding=\"async\" loading=\"lazy\" class=\"aligncenter size-full wp-image-857\" src=\"http:\/\/maricelenmoto.com\/wp-content\/uploads\/2019\/06\/002-Gougane-Barra.jpg\" alt=\"\" width=\"845\" height=\"561\" srcset=\"http:\/\/maricelenmoto.com\/wp-content\/uploads\/2019\/06\/002-Gougane-Barra.jpg 845w, http:\/\/maricelenmoto.com\/wp-content\/uploads\/2019\/06\/002-Gougane-Barra-300x199.jpg 300w, http:\/\/maricelenmoto.com\/wp-content\/uploads\/2019\/06\/002-Gougane-Barra-768x510.jpg 768w\" sizes=\"(max-width: 845px) 100vw, 845px\" \/><\/p>\n<p><img decoding=\"async\" loading=\"lazy\" class=\"aligncenter size-full wp-image-858\" src=\"http:\/\/maricelenmoto.com\/wp-content\/uploads\/2019\/06\/003-Gougane-Barra.jpg\" alt=\"\" width=\"845\" height=\"561\" srcset=\"http:\/\/maricelenmoto.com\/wp-content\/uploads\/2019\/06\/003-Gougane-Barra.jpg 845w, http:\/\/maricelenmoto.com\/wp-content\/uploads\/2019\/06\/003-Gougane-Barra-300x199.jpg 300w, http:\/\/maricelenmoto.com\/wp-content\/uploads\/2019\/06\/003-Gougane-Barra-768x510.jpg 768w\" sizes=\"(max-width: 845px) 100vw, 845px\" \/><\/p>\n<p><img decoding=\"async\" loading=\"lazy\" class=\"aligncenter size-full wp-image-859\" src=\"http:\/\/maricelenmoto.com\/wp-content\/uploads\/2019\/06\/004-Gougane-Barra.jpg\" alt=\"\" width=\"845\" height=\"543\" srcset=\"http:\/\/maricelenmoto.com\/wp-content\/uploads\/2019\/06\/004-Gougane-Barra.jpg 845w, http:\/\/maricelenmoto.com\/wp-content\/uploads\/2019\/06\/004-Gougane-Barra-300x193.jpg 300w, http:\/\/maricelenmoto.com\/wp-content\/uploads\/2019\/06\/004-Gougane-Barra-768x494.jpg 768w\" sizes=\"(max-width: 845px) 100vw, 845px\" \/><\/p>\n<p><img decoding=\"async\" loading=\"lazy\" class=\"aligncenter size-full wp-image-860\" src=\"http:\/\/maricelenmoto.com\/wp-content\/uploads\/2019\/06\/005-Gougane-Barra.jpg\" alt=\"\" width=\"845\" height=\"561\" srcset=\"http:\/\/maricelenmoto.com\/wp-content\/uploads\/2019\/06\/005-Gougane-Barra.jpg 845w, http:\/\/maricelenmoto.com\/wp-content\/uploads\/2019\/06\/005-Gougane-Barra-300x199.jpg 300w, http:\/\/maricelenmoto.com\/wp-content\/uploads\/2019\/06\/005-Gougane-Barra-768x510.jpg 768w\" sizes=\"(max-width: 845px) 100vw, 845px\" \/><\/p>\n<p>Au bout d\u2019un moment une dizaine de Porshe 911 de toutes \u00e9poques est arriv\u00e9e et elles se sont gar\u00e9es le long du parking qui borde le lac. Une belle estampe \ud83d\ude09 .<\/p>\n<p>Quand nous sommes\u00a0arriv\u00e9s Juan avait tr\u00e8s faim (on avait d\u00e9jeun\u00e9 \u00e0 7h et il \u00e9tait 10h pass\u00e9es\u2026). Nous avions pens\u00e9 re-d\u00e9jeuner avec un Irish Breakfast (qui sert aussi de repas) mais le caf\u00e9 et l\u2019h\u00f4tel en face du lac \u00e9taient ferm\u00e9s\u2026 \u00a0Il a fallu attendre\u2026<\/p>\n<p><strong>Apr\u00e8s la session de photos nous avons fait demi-tour<\/strong> (la route fini en cul de sac sur un parking payant, qui est le d\u00e9but de chemins de randonn\u00e9es dans le parc naturel. On peut se garer gratuitement un peu avant\u2026). Au croisement suivant nous avons d\u00e9cid\u00e9 de poursuivre notre route en direction de Bantry, sur la cote, indiqu\u00e9 \u00e0 22km, y de nous arr\u00eater d\u00e8s que nous trouverions un endroit pour d\u00e9jeuner. \u00a0Cette partie de la route est aussi tr\u00e8s jolie. Nous avons \u00e9t\u00e9 \u00e0 deux doigts de nous arr\u00eater dans un pub qui indiquait \u00ab\u00a0parking \u00e0 l\u2019arri\u00e8re\u00a0\u00bb, mais nous avons rat\u00e9 l\u2019entr\u00e9e et nous \u00e9tions dans un endroit dangereux pour faire demi-tour alors nous avons continu\u00e9. Nous sommes all\u00e9s jusqu\u2019\u00e0 Bantry et nous sommes perdus dans les rues. Il y avait pleins de voitures gar\u00e9es dans le village\u00a0: apparemment il y avait un rallye de voitures qui passait par l\u00e0, et c\u2019\u00e9tait un v\u00e9ritable chaos pour circuler. Et vous ne me croirez peut-\u00eatre pas mais nous n\u2019avons pas trouv\u00e9 un seul pub ouvert\u00a0! \u00a0Evidemment ma moto a d\u00e9cid\u00e9 que c\u2019\u00e9tait le meilleur moment pour poser probl\u00e8me avec la bougie avant. Ma moto a un seul probl\u00e8me, r\u00e9current chaque fois qu\u2019il pleut beaucoup (et comme ici il pleut presque pas\u2026\u00a0\ud83d\ude09 )\u00a0: le garde-boue avant est trop court\u00a0et quand on roule longtemps sous la pluie (comme ce fut le cas lors d\u2019une sortie il y a environ un mois), il y a de l\u2019eau qui rentre dans le trou de la bougie avant, stagne et la moto se retrouve \u00e0 un seul cylindre. Alors \u00e0 basse vitesse, comme dans des embouteillages, elle cale tout le temps.<\/p>\n<p>Comme nous ne trouvions pas d\u2019endroit pour manger, nous avons d\u00e9cid\u00e9 de faire demi-tour. Nous nous sommes perdus, avons fait demi-tour de nouveau. J\u2019avais vu un pub au croisement avec la route d\u2019o\u00f9 nous venions, nous y sommes retourn\u00e9s, mais le restaurant ouvrait seulement l\u2019apr\u00e8s-midi \u00e0 partir de 17h30\u2026 Alors nous avons d\u00e9cid\u00e9 de retourner au premier pub que nous avions vu sur la route vers Gougane Barra. <strong>Cette fois nous avons trouv\u00e9 le parking derri\u00e8re et ils servaient \u00e0 manger\u00a0!<\/strong> Apr\u00e8s tous ces tours il \u00e9tait finalement midi\u2026 Nous avons pris un plat d\u2019agneau chacun et un coca. Le plat typique en sauce \u00ab\u00a0gravy\u00a0\u00bb accompagn\u00e9 de pur\u00e9e de pommes de terre et des l\u00e9gumes frais (carottes, navet et brocoli) sans assaisonnement (bouillis en g\u00e9n\u00e9ral, sans trop de gout). Nous avons bien mang\u00e9. Juan a termin\u00e9 avec une glace comme d\u2019hab\u2019\u00a0\ud83d\ude09 et nous sommes repartis.<\/p>\n<p>Avec le ventre plein maintenant, nous pouvions \u00e0 nouveau prendre le temps de nous arr\u00eater pour faire des photos \ud83d\ude00 .<\/p>\n<p><img decoding=\"async\" loading=\"lazy\" class=\"aligncenter size-full wp-image-861\" src=\"http:\/\/maricelenmoto.com\/wp-content\/uploads\/2019\/06\/006-3a-parada.jpg\" alt=\"\" width=\"845\" height=\"561\" srcset=\"http:\/\/maricelenmoto.com\/wp-content\/uploads\/2019\/06\/006-3a-parada.jpg 845w, http:\/\/maricelenmoto.com\/wp-content\/uploads\/2019\/06\/006-3a-parada-300x199.jpg 300w, http:\/\/maricelenmoto.com\/wp-content\/uploads\/2019\/06\/006-3a-parada-768x510.jpg 768w\" sizes=\"(max-width: 845px) 100vw, 845px\" \/><\/p>\n<p><img decoding=\"async\" loading=\"lazy\" class=\"aligncenter size-full wp-image-843\" src=\"http:\/\/maricelenmoto.com\/wp-content\/uploads\/2019\/06\/007-3a-parada.jpg\" alt=\"\" width=\"845\" height=\"561\" srcset=\"http:\/\/maricelenmoto.com\/wp-content\/uploads\/2019\/06\/007-3a-parada.jpg 845w, http:\/\/maricelenmoto.com\/wp-content\/uploads\/2019\/06\/007-3a-parada-300x199.jpg 300w, http:\/\/maricelenmoto.com\/wp-content\/uploads\/2019\/06\/007-3a-parada-768x510.jpg 768w\" sizes=\"(max-width: 845px) 100vw, 845px\" \/><\/p>\n<p><img decoding=\"async\" loading=\"lazy\" class=\"aligncenter size-full wp-image-844\" src=\"http:\/\/maricelenmoto.com\/wp-content\/uploads\/2019\/06\/008-3a-parada.jpg\" alt=\"\" width=\"845\" height=\"561\" srcset=\"http:\/\/maricelenmoto.com\/wp-content\/uploads\/2019\/06\/008-3a-parada.jpg 845w, http:\/\/maricelenmoto.com\/wp-content\/uploads\/2019\/06\/008-3a-parada-300x199.jpg 300w, http:\/\/maricelenmoto.com\/wp-content\/uploads\/2019\/06\/008-3a-parada-768x510.jpg 768w\" sizes=\"(max-width: 845px) 100vw, 845px\" \/><\/p>\n<p><img decoding=\"async\" loading=\"lazy\" class=\"aligncenter size-full wp-image-845\" src=\"http:\/\/maricelenmoto.com\/wp-content\/uploads\/2019\/06\/009-3a-parada.jpg\" alt=\"\" width=\"845\" height=\"561\" srcset=\"http:\/\/maricelenmoto.com\/wp-content\/uploads\/2019\/06\/009-3a-parada.jpg 845w, http:\/\/maricelenmoto.com\/wp-content\/uploads\/2019\/06\/009-3a-parada-300x199.jpg 300w, http:\/\/maricelenmoto.com\/wp-content\/uploads\/2019\/06\/009-3a-parada-768x510.jpg 768w\" sizes=\"(max-width: 845px) 100vw, 845px\" \/><\/p>\n<p><img decoding=\"async\" loading=\"lazy\" class=\"aligncenter size-full wp-image-846\" src=\"http:\/\/maricelenmoto.com\/wp-content\/uploads\/2019\/06\/010-3a-parada.jpg\" alt=\"\" width=\"845\" height=\"561\" srcset=\"http:\/\/maricelenmoto.com\/wp-content\/uploads\/2019\/06\/010-3a-parada.jpg 845w, http:\/\/maricelenmoto.com\/wp-content\/uploads\/2019\/06\/010-3a-parada-300x199.jpg 300w, http:\/\/maricelenmoto.com\/wp-content\/uploads\/2019\/06\/010-3a-parada-768x510.jpg 768w\" sizes=\"(max-width: 845px) 100vw, 845px\" \/><\/p>\n<p>Nous avons fait 2 autres arr\u00eats. <strong>Les couleurs \u00e9taient incroyables malgr\u00e9 la mauvaise lumi\u00e8re.<\/strong><\/p>\n<p>Du deuxi\u00e8me arr\u00eat nous sommes repartis rapidement parce que des nuages un peu noirs s\u2019approchaient \u00e0 grande vitesse\u2026<\/p>\n<p><img decoding=\"async\" loading=\"lazy\" class=\"aligncenter size-full wp-image-855\" src=\"http:\/\/maricelenmoto.com\/wp-content\/uploads\/2019\/06\/019-4a-parada.jpg\" alt=\"\" width=\"845\" height=\"561\" srcset=\"http:\/\/maricelenmoto.com\/wp-content\/uploads\/2019\/06\/019-4a-parada.jpg 845w, http:\/\/maricelenmoto.com\/wp-content\/uploads\/2019\/06\/019-4a-parada-300x199.jpg 300w, http:\/\/maricelenmoto.com\/wp-content\/uploads\/2019\/06\/019-4a-parada-768x510.jpg 768w\" sizes=\"(max-width: 845px) 100vw, 845px\" \/><\/p>\n<p><img decoding=\"async\" loading=\"lazy\" class=\"aligncenter size-full wp-image-854\" src=\"http:\/\/maricelenmoto.com\/wp-content\/uploads\/2019\/06\/018-4a-parada.jpg\" alt=\"\" width=\"845\" height=\"574\" srcset=\"http:\/\/maricelenmoto.com\/wp-content\/uploads\/2019\/06\/018-4a-parada.jpg 845w, http:\/\/maricelenmoto.com\/wp-content\/uploads\/2019\/06\/018-4a-parada-300x204.jpg 300w, http:\/\/maricelenmoto.com\/wp-content\/uploads\/2019\/06\/018-4a-parada-768x522.jpg 768w\" sizes=\"(max-width: 845px) 100vw, 845px\" \/><\/p>\n<p><img decoding=\"async\" loading=\"lazy\" class=\"aligncenter size-full wp-image-853\" src=\"http:\/\/maricelenmoto.com\/wp-content\/uploads\/2019\/06\/017-4a-parada.jpg\" alt=\"\" width=\"845\" height=\"561\" srcset=\"http:\/\/maricelenmoto.com\/wp-content\/uploads\/2019\/06\/017-4a-parada.jpg 845w, http:\/\/maricelenmoto.com\/wp-content\/uploads\/2019\/06\/017-4a-parada-300x199.jpg 300w, http:\/\/maricelenmoto.com\/wp-content\/uploads\/2019\/06\/017-4a-parada-768x510.jpg 768w\" sizes=\"(max-width: 845px) 100vw, 845px\" \/><\/p>\n<p><img decoding=\"async\" loading=\"lazy\" class=\"aligncenter size-full wp-image-852\" src=\"http:\/\/maricelenmoto.com\/wp-content\/uploads\/2019\/06\/016-4a-parada.jpg\" alt=\"\" width=\"845\" height=\"561\" srcset=\"http:\/\/maricelenmoto.com\/wp-content\/uploads\/2019\/06\/016-4a-parada.jpg 845w, http:\/\/maricelenmoto.com\/wp-content\/uploads\/2019\/06\/016-4a-parada-300x199.jpg 300w, http:\/\/maricelenmoto.com\/wp-content\/uploads\/2019\/06\/016-4a-parada-768x510.jpg 768w\" sizes=\"(max-width: 845px) 100vw, 845px\" \/><\/p>\n<p><img decoding=\"async\" loading=\"lazy\" class=\"aligncenter size-full wp-image-851\" src=\"http:\/\/maricelenmoto.com\/wp-content\/uploads\/2019\/06\/015-4a-parada.jpg\" alt=\"\" width=\"845\" height=\"561\" srcset=\"http:\/\/maricelenmoto.com\/wp-content\/uploads\/2019\/06\/015-4a-parada.jpg 845w, http:\/\/maricelenmoto.com\/wp-content\/uploads\/2019\/06\/015-4a-parada-300x199.jpg 300w, http:\/\/maricelenmoto.com\/wp-content\/uploads\/2019\/06\/015-4a-parada-768x510.jpg 768w\" sizes=\"(max-width: 845px) 100vw, 845px\" \/><\/p>\n<p><img decoding=\"async\" loading=\"lazy\" class=\"aligncenter size-full wp-image-850\" src=\"http:\/\/maricelenmoto.com\/wp-content\/uploads\/2019\/06\/014-4a-parada.jpg\" alt=\"\" width=\"845\" height=\"561\" srcset=\"http:\/\/maricelenmoto.com\/wp-content\/uploads\/2019\/06\/014-4a-parada.jpg 845w, http:\/\/maricelenmoto.com\/wp-content\/uploads\/2019\/06\/014-4a-parada-300x199.jpg 300w, http:\/\/maricelenmoto.com\/wp-content\/uploads\/2019\/06\/014-4a-parada-768x510.jpg 768w\" sizes=\"(max-width: 845px) 100vw, 845px\" \/><\/p>\n<p><img decoding=\"async\" loading=\"lazy\" class=\"aligncenter size-full wp-image-849\" src=\"http:\/\/maricelenmoto.com\/wp-content\/uploads\/2019\/06\/013-4a-parada.jpg\" alt=\"\" width=\"845\" height=\"561\" srcset=\"http:\/\/maricelenmoto.com\/wp-content\/uploads\/2019\/06\/013-4a-parada.jpg 845w, http:\/\/maricelenmoto.com\/wp-content\/uploads\/2019\/06\/013-4a-parada-300x199.jpg 300w, http:\/\/maricelenmoto.com\/wp-content\/uploads\/2019\/06\/013-4a-parada-768x510.jpg 768w\" sizes=\"(max-width: 845px) 100vw, 845px\" \/><\/p>\n<p><img decoding=\"async\" loading=\"lazy\" class=\"aligncenter size-full wp-image-848\" src=\"http:\/\/maricelenmoto.com\/wp-content\/uploads\/2019\/06\/012-4a-parada.jpg\" alt=\"\" width=\"845\" height=\"561\" srcset=\"http:\/\/maricelenmoto.com\/wp-content\/uploads\/2019\/06\/012-4a-parada.jpg 845w, http:\/\/maricelenmoto.com\/wp-content\/uploads\/2019\/06\/012-4a-parada-300x199.jpg 300w, http:\/\/maricelenmoto.com\/wp-content\/uploads\/2019\/06\/012-4a-parada-768x510.jpg 768w\" sizes=\"(max-width: 845px) 100vw, 845px\" \/><\/p>\n<p><img decoding=\"async\" loading=\"lazy\" class=\"aligncenter size-full wp-image-847\" src=\"http:\/\/maricelenmoto.com\/wp-content\/uploads\/2019\/06\/011-4a-parada.jpg\" alt=\"\" width=\"845\" height=\"561\" srcset=\"http:\/\/maricelenmoto.com\/wp-content\/uploads\/2019\/06\/011-4a-parada.jpg 845w, http:\/\/maricelenmoto.com\/wp-content\/uploads\/2019\/06\/011-4a-parada-300x199.jpg 300w, http:\/\/maricelenmoto.com\/wp-content\/uploads\/2019\/06\/011-4a-parada-768x510.jpg 768w\" sizes=\"(max-width: 845px) 100vw, 845px\" \/><\/p>\n<p>Finalement nous sommes arriv\u00e9s chez nous vers 15h30, nous avons juste pris 5 minutes de pluie sur la route principale, mais nous sommes arriv\u00e9s secs.<\/p>\n<p><strong>25 octobre: une sortie color\u00e9e. \ud83d\ude09<\/strong><\/p>\n<p>V&rsquo;s<\/p>","protected":false},"excerpt":{"rendered":"<p>Ce dimanche, gr\u00e2ce au changement d\u2019heure et comme le lundi \u00e9tait f\u00e9ri\u00e9 et qu\u2019on pouvait&#8230;<\/p>\n","protected":false},"author":1,"featured_media":860,"comment_status":"open","ping_status":"open","sticky":false,"template":"","format":"standard","meta":{"sfsi_plus_gutenberg_text_before_share":"","sfsi_plus_gutenberg_show_text_before_share":"","sfsi_plus_gutenberg_icon_type":"","sfsi_plus_gutenberg_icon_alignemt":"","sfsi_plus_gutenburg_max_per_row":""},"categories":[36],"tags":[49,50],"_links":{"self":[{"href":"http:\/\/maricelenmoto.com\/fr\/wp-json\/wp\/v2\/posts\/842"}],"collection":[{"href":"http:\/\/maricelenmoto.com\/fr\/wp-json\/wp\/v2\/posts"}],"about":[{"href":"http:\/\/maricelenmoto.com\/fr\/wp-json\/wp\/v2\/types\/post"}],"author":[{"embeddable":true,"href":"http:\/\/maricelenmoto.com\/fr\/wp-json\/wp\/v2\/users\/1"}],"replies":[{"embeddable":true,"href":"http:\/\/maricelenmoto.com\/fr\/wp-json\/wp\/v2\/comments?post=842"}],"version-history":[{"count":7,"href":"http:\/\/maricelenmoto.com\/fr\/wp-json\/wp\/v2\/posts\/842\/revisions"}],"predecessor-version":[{"id":1296,"href":"http:\/\/maricelenmoto.com\/fr\/wp-json\/wp\/v2\/posts\/842\/revisions\/1296"}],"wp:featuredmedia":[{"embeddable":true,"href":"http:\/\/maricelenmoto.com\/fr\/wp-json\/wp\/v2\/media\/860"}],"wp:attachment":[{"href":"http:\/\/maricelenmoto.com\/fr\/wp-json\/wp\/v2\/media?parent=842"}],"wp:term":[{"taxonomy":"category","embeddable":true,"href":"http:\/\/maricelenmoto.com\/fr\/wp-json\/wp\/v2\/categories?post=842"},{"taxonomy":"post_tag","embeddable":true,"href":"http:\/\/maricelenmoto.com\/fr\/wp-json\/wp\/v2\/tags?post=842"}],"curies":[{"name":"wp","href":"https:\/\/api.w.org\/{rel}","templated":true}]}}