{"id":413,"date":"2013-08-21T22:59:44","date_gmt":"2013-08-21T21:59:44","guid":{"rendered":"http:\/\/maricelenmoto.com\/?p=413"},"modified":"2019-07-10T22:00:05","modified_gmt":"2019-07-10T21:00:05","slug":"cronica-de-viaje-de-novios-primera-semana","status":"publish","type":"post","link":"http:\/\/maricelenmoto.com\/fr\/archivos\/413","title":{"rendered":"Voyage de noces- Premi\u00e8re semaine"},"content":{"rendered":"<p><\/p>\n<p style=\"text-align: left;\"><strong>Cette ann\u00e9e 2013<\/strong> nos vacances \u00e9taient un peu sp\u00e9ciales car nous partions en <strong>Voyage de Noces<\/strong>. Destination\u00a0:<strong> l\u2019Irlande<\/strong>. Pourquoi\u00a0? Je suis all\u00e9e 3 fois en Irlande (quand j\u2019\u00e9tais jeune), la derni\u00e8re pour un s\u00e9jour de 7 mois quand j\u2019\u00e9tais \u00e9tudiante comme jeune fille au pair, et j\u2019avais tellement de beaux souvenirs que je m\u2019\u00e9tais jur\u00e9e d\u2019y retourner. Et je voulais que Juan la connaisse aussi pour pouvoir partager avec lui mon amour pour ce pays. Alors c\u2019\u00e9tait l\u2019occasion\u00a0!<\/p>\n<p style=\"text-align: left;\">Nous avions pr\u00e9vu de partir <strong>avec nos 2 motos<\/strong>, c\u2019\u00e9tait aussi l\u2019occasion vus les frais multipli\u00e9s.<\/p>\n<p style=\"text-align: left;\">Nous avons mis le temps \u00e0 pr\u00e9parer le voyage, achat des valises pour le SV, mise \u00e0 jour de la maintenance des motos, pr\u00e9parations diverses pour le voyage, listes interminables de choses \u00e0 ne pas oublier (\u00e7a c\u2019est moi\u2026).<\/p>\n<p style=\"text-align: left;\">Avant de connaitre Juan j\u2019avais toujours mes affaires pr\u00eates largement \u00e0 l\u2019avance\u2026 depuis quelques temps d\u00e9j\u00e0, on fait toujours nos valises \u00e0 l\u2019arrache (bon, avec la liste quand m\u00eame, faut pas d\u00e9conner\u2026) le matin du d\u00e9part, et au final, on part toujours \u00e0 11h\u2026<\/p>\n<p style=\"text-align: left;\">Enfin, en ce beau samedi 13 juillet, nous voil\u00e0 pr\u00eats \u00e0 partir, donc aux alentours de 11h bien s\u00fbr (m\u00eame pas fait expr\u00e8s)\u2026<\/p>\n<p style=\"text-align: left;\"><strong>Le plan pour la route est d\u2019\u00e9viter les p\u00e9ages<\/strong>, donc r\u00e9cup\u00e9rer la N12 \u00e0 Versailles et prendre par Evreux, Dreux, Lisieux, Caen, pour s\u2019arr\u00eater pour la nuit \u00e0 Bayeux. J\u2019ai mon GPS activ\u00e9, sous forme de papier coll\u00e9 sur le r\u00e9servoir (pas eu moyen de trouver en magasin des pochettes \u00e0 aimants \u00e0 mettre sur le r\u00e9servoir, on a trouv\u00e9 que des sacoches\u2026), et Juan se charge du vrai GPS sous forme de Tom Tom offert pas mon beau-papa (merci\u00a0!), en cas de panne du mien\u00a0\ud83d\ude09 et qui nous a \u00e9t\u00e9 bien utile soit dit en passant.<\/p>\n<p style=\"text-align: left;\">Voyage tranquille et ennuyeux, avec pause sandwich sur une aire de repos, temps id\u00e9al, soleil mais pas trop chaud, c\u2019est les vacances\u00a0!<\/p>\n<p style=\"text-align: left;\">Arriv\u00e9e \u00e0 <strong>Bayeux<\/strong> en milieu d\u2019apr\u00e8s-midi, pour se rafra\u00eechir un peu et visiter la Cath\u00e9drale avant d\u2019aller d\u00eener\u2026<\/p>\n<p style=\"text-align: center;\"><img decoding=\"async\" loading=\"lazy\" class=\"aligncenter size-full wp-image-437\" src=\"http:\/\/maricelenmoto.com\/wp-content\/uploads\/2019\/03\/001-Bayeux.jpg\" alt=\"\" width=\"561\" height=\"845\" srcset=\"http:\/\/maricelenmoto.com\/wp-content\/uploads\/2019\/03\/001-Bayeux.jpg 561w, http:\/\/maricelenmoto.com\/wp-content\/uploads\/2019\/03\/001-Bayeux-199x300.jpg 199w\" sizes=\"(max-width: 561px) 100vw, 561px\" \/><\/p>\n<p style=\"text-align: center;\"><img decoding=\"async\" loading=\"lazy\" class=\"aligncenter size-full wp-image-438\" src=\"http:\/\/maricelenmoto.com\/wp-content\/uploads\/2019\/03\/002-Bayeux.jpg\" alt=\"\" width=\"845\" height=\"561\" srcset=\"http:\/\/maricelenmoto.com\/wp-content\/uploads\/2019\/03\/002-Bayeux.jpg 845w, http:\/\/maricelenmoto.com\/wp-content\/uploads\/2019\/03\/002-Bayeux-300x199.jpg 300w, http:\/\/maricelenmoto.com\/wp-content\/uploads\/2019\/03\/002-Bayeux-768x510.jpg 768w\" sizes=\"(max-width: 845px) 100vw, 845px\" \/><\/p>\n<p style=\"text-align: left;\">D\u00eener un peu trop long \u00e0 arriver, du coup on avait pr\u00e9vu d\u2019aller voir les feux d\u2019artifice (13 juillet oblige), mais on \u00e9tait tellement crev\u00e9s qu\u2019on s\u2019est endormis\u2026 je les ai juste entendus dans mon sommeil, Juan m\u00eame pas\u2026<\/p>\n<p style=\"text-align: left;\">D\u00e9part le matin apr\u00e8s le p\u2019tit d\u00e9j\u2019 et avoir r\u00e9install\u00e9 les valises, direction <strong>Cherbourg<\/strong> o\u00f9 nous attend le ferry.<\/p>\n<p style=\"text-align: left;\">Arriv\u00e9s (trop) t\u00f4t, on boit un coup avant de manger de copieuses pizzas. Puis arriv\u00e9e dans le port d\u2019embarquement 2 heures avant, on attend avec tous les autres (voitures, caravanes, camping-cars, motos, camions\u2026)\u2026 et on va tous tenir l\u00e0-dedans\u00a0????<\/p>\n<p style=\"text-align: left;\">Environ 1 heure avant le d\u00e9part, on nous appelle pour embarquer, les motos preum\u2019s. On ne fait pas attention et on nous s\u00e9pare, ma moto \u00e0 gauche, celle de Juan au milieu. Au d\u00e9part c\u2019est pas trop g\u00eanant, mais quand entre les 2 c\u2019est rempli de 3 files de bagnoles coll\u00e9es les unes aux autres, c\u2019est pas tr\u00e8s pratique pour se rejoindre charg\u00e9s de valises\u2026 bref. L\u00e0 c\u2019est pas terrible, on nous dit,\u00a0\u00ab\u00a0vous avez les sangles et les cales, d\u00e9merdez-vous\u00a0\u00bb\u2026 Heureusement le couple de Belges tr\u00e8s sympa devant moi m\u2019aide \u00e0 attacher la moto\u2026 Apr\u00e8s avoir d\u00e9charg\u00e9 les valises et le top case, je vais voir o\u00f9 en est Juan. Probl\u00e8me avec sa moto\u00a0: quand il la sangle par la gauche, la moto tombe \u00e0 droite. On essaie de la sangler par la droite, elle tombe aussi vers la droite\u2026 D\u00e9sesp\u00e9r\u00e9s, on appelle un gars du ferry \u00e0 la rescousse\u2026 avec 3 cales qui soutiennent le bras oscillant, la moto ne bouge plus\u2026 ouf\u2026 Enfin, on r\u00e9ussit \u00e0 r\u00e9unir toutes nos affaires (2 valises, 1 top case, les sacoches, 1 sac \u00e0 dos, 2 casques\u2026) et \u00e0 arriver \u00e0 notre cabine. Tout ce qu\u2019on n\u2019avait pas transpir\u00e9 sur la route gr\u00e2ce \u00e0 la temp\u00e9rature id\u00e9ale, on l\u2019a su\u00e9 \u00e0 grosses gouttes en \u00bd heure dans la cale du ferry, l\u2019horreur\u2026<\/p>\n<p style=\"text-align: left;\">Une bonne douche plus tard, nous voil\u00e0 en visite du ferry. D\u2019abord sur les ponts ext\u00e9rieurs pour voir le ferry s\u2019\u00e9loigner du port et prendre la mer.<strong> La mer \u00e9tait tr\u00e8s calme et tout le monde \u00e9tait sur le pont.<\/strong><\/p>\n<p style=\"text-align: left;\"><strong>La travers\u00e9e en ferry<\/strong> (16heures quand m\u00eame) s\u2019est av\u00e9r\u00e9e tr\u00e8s agr\u00e9able, le ferry est vraiment tout \u00e9quip\u00e9 pour rendre la travers\u00e9e agr\u00e9able, caf\u00e9s, pubs, restaurants, un cin\u00e9, magasin\u2026 \u00e0 des prix abordables (ils pourraient abuser on n\u2019a pas le choix, ce n\u2019est pas le cas).<\/p>\n<p style=\"text-align: left;\">Nous avons eu droit \u00e0 un superbe coucher de soleil, \u00e0 la compagnie de 3 fous de bassan qui accompagnaient le ferry, \u00e0 un d\u00eener \u00ab\u00a0sandwich\u00a0\u00bb sur le pont solitaire (vent\u00e9, \u00e7a oui\u2026), notre premi\u00e8re Guinness dans le pub au clair de lune\u2026 et toujours une mer d\u2019huile nous rappelant \u00e0 peine que nous \u00e9tions sur un bateau\u2026<\/p>\n<p style=\"text-align: center;\"><img decoding=\"async\" loading=\"lazy\" class=\"aligncenter size-full wp-image-439\" src=\"http:\/\/maricelenmoto.com\/wp-content\/uploads\/2019\/03\/003-Ferry.jpg\" alt=\"\" width=\"845\" height=\"561\" srcset=\"http:\/\/maricelenmoto.com\/wp-content\/uploads\/2019\/03\/003-Ferry.jpg 845w, http:\/\/maricelenmoto.com\/wp-content\/uploads\/2019\/03\/003-Ferry-300x199.jpg 300w, http:\/\/maricelenmoto.com\/wp-content\/uploads\/2019\/03\/003-Ferry-768x510.jpg 768w\" sizes=\"(max-width: 845px) 100vw, 845px\" \/><\/p>\n<p style=\"text-align: center;\"><img decoding=\"async\" loading=\"lazy\" class=\"aligncenter size-full wp-image-440\" src=\"http:\/\/maricelenmoto.com\/wp-content\/uploads\/2019\/03\/004-Ferry.jpg\" alt=\"\" width=\"845\" height=\"561\" srcset=\"http:\/\/maricelenmoto.com\/wp-content\/uploads\/2019\/03\/004-Ferry.jpg 845w, http:\/\/maricelenmoto.com\/wp-content\/uploads\/2019\/03\/004-Ferry-300x199.jpg 300w, http:\/\/maricelenmoto.com\/wp-content\/uploads\/2019\/03\/004-Ferry-768x510.jpg 768w\" sizes=\"(max-width: 845px) 100vw, 845px\" \/><\/p>\n<p style=\"text-align: left;\">Apr\u00e8s une nuit tranquille, nous sommes arriv\u00e9s \u00e0 l\u2019heure pr\u00e9vue \u00e0 Rosslare, co. Wexford, Irlande.<\/p>\n<p style=\"text-align: left;\">Descente \u00e0 la cale, d\u00e9crochage de la moto (avec l\u2019aide du toujours tr\u00e8s sympa couple de Belges de devant\u2026), selle un peu d\u00e9form\u00e9e par les sangles malgr\u00e9 les protections mais bon\u2026, et montage des valises, top case etc\u2026 et descente du ferry assez rapidement (personnel super efficace).<\/p>\n<p style=\"text-align: center;\"><img decoding=\"async\" loading=\"lazy\" class=\"aligncenter size-full wp-image-414\" src=\"http:\/\/maricelenmoto.com\/wp-content\/uploads\/2019\/03\/004bis-Ferry.jpg\" alt=\"\" width=\"845\" height=\"634\" srcset=\"http:\/\/maricelenmoto.com\/wp-content\/uploads\/2019\/03\/004bis-Ferry.jpg 845w, http:\/\/maricelenmoto.com\/wp-content\/uploads\/2019\/03\/004bis-Ferry-300x225.jpg 300w, http:\/\/maricelenmoto.com\/wp-content\/uploads\/2019\/03\/004bis-Ferry-768x576.jpg 768w\" sizes=\"(max-width: 845px) 100vw, 845px\" \/><\/p>\n<p style=\"text-align: left;\">Apr\u00e8s un petit arr\u00eat au pied du ferry pour terminer de \u00ab\u00a0s\u2019habiller\u00a0\u00bb en motard, nous prenons enfin la route, par la gauche bien s\u00fbr\u2026 Le plus compliqu\u00e9 \u00e9tant les (nombreux) ronds-points. Pas pour ne pas se tromper de sens, mais surtout pour s\u2019habituer \u00e0 regarder \u00e0 droite avant de s\u2019engager, et pas \u00e0 gauche.<\/p>\n<p style=\"text-align: left;\">Nous avons un bon bout de route \u00e0 faire ce jour puisque nous devons aller directement dans le <strong>Connemara<\/strong>, pointe Ouest de l\u2019Irlande (Rosslare \u00e9tant au Sud Est). Pas \u00e9norm\u00e9ment de kilom\u00e8tres (370) mais en Irlande, suivant les routes, et plus les arr\u00eats tous les 150-200km pour faire de l\u2019essence et reposer les fessiers, les kilom\u00e8tres chiffrent vite en heure\u2026 et sachant que le ferry arrivait \u00e0 11h30, le temps de d\u00e9barquer et de trouver un endroit pour manger rapidement, il ne fallait pas trop tarder pour continuer pour ne pas arriver trop tard et pouvoir d\u00eener quelque chose avant que tout ferme.<\/p>\n<p style=\"text-align: left;\">En effet, nous avons fini par arriver vers 20h30, sans pluie, mais avec un vent lat\u00e9ral sur une bonne partie de la route, par des nationales plus ou moins large, un mini tron\u00e7on d\u2019autoroute, et un bon bouchon pour contourner Galway.<\/p>\n<p style=\"text-align: left;\"><strong>La clef \u00e9tait sur la porte<\/strong>, on d\u00e9charge toutes les valises\/sacoches \u00e0 l\u2019arrache et sans se changer, on reprend les motos et on redescend au village (environ 3km de route de campagne, dont une partie tout juste refaite \u00e0 la fran\u00e7aise, c&rsquo;est-\u00e0-dire \u00e0 base de gravillons\u2026).<\/p>\n<p style=\"text-align: left;\">On se gare dans ce qui semble \u00eatre la rue principale et on fait le tour des pubs (il n\u2019y a que \u00e7a dans la rue pratiquement). Les cartes se ressemblent et ne sont pas vraiment \u00ab\u00a0pas cher\u00a0\u00bb. On se rendra compte plus tard que le village vit du tourisme, et en profite\u2026<\/p>\n<p style=\"text-align: left;\">On finit par se d\u00e9cider pour l\u2019un d\u2019entre eux, et on a bien choisi, il y a une belle vue sur une baie. Service agr\u00e9able, bon repas (pas tr\u00e8s copieux pour Juan\u00a0\ud83d\ude09 ), un peu cher\u2026 mais bon, on a pu manger c\u2019est l\u2019essentiel.<\/p>\n<p style=\"text-align: left;\">On \u00e9tait un peu crev\u00e9s par la route alors on est remont\u00e9s direct pour s\u2019installer. On avait pris une location pour la semaine. C\u2019\u00e9taient de petites maisons qui, lors de l\u2019occupation anglaise, \u00e9taient habit\u00e9es par les garde-c\u00f4tes (et leur famille). Au moment de l\u2019Ind\u00e9pendance, l\u2019endroit a \u00e9t\u00e9 br\u00fbl\u00e9. Puis reconstruit par l\u2019actuel propri\u00e9taire qui les loue pour les vacances. La vue sur la baie est magnifique, depuis la chambre et le salon. <strong>Un\u00a0endroit de\u00a0r\u00eave<\/strong>.<\/p>\n<p style=\"text-align: left;\"><strong>Le logement\u00a0:<\/strong><\/p>\n<p style=\"text-align: center;\"><img decoding=\"async\" loading=\"lazy\" class=\"aligncenter size-full wp-image-416\" src=\"http:\/\/maricelenmoto.com\/wp-content\/uploads\/2019\/03\/005bis-Clifden.jpg\" alt=\"\" width=\"845\" height=\"561\" srcset=\"http:\/\/maricelenmoto.com\/wp-content\/uploads\/2019\/03\/005bis-Clifden.jpg 845w, http:\/\/maricelenmoto.com\/wp-content\/uploads\/2019\/03\/005bis-Clifden-300x199.jpg 300w, http:\/\/maricelenmoto.com\/wp-content\/uploads\/2019\/03\/005bis-Clifden-768x510.jpg 768w\" sizes=\"(max-width: 845px) 100vw, 845px\" \/><\/p>\n<p style=\"text-align: left;\"><strong>La vue:<\/strong><\/p>\n<p style=\"text-align: center;\"><img decoding=\"async\" loading=\"lazy\" class=\"aligncenter size-full wp-image-428\" src=\"http:\/\/maricelenmoto.com\/wp-content\/uploads\/2019\/03\/017-Clifden.jpg\" alt=\"\" width=\"845\" height=\"561\" srcset=\"http:\/\/maricelenmoto.com\/wp-content\/uploads\/2019\/03\/017-Clifden.jpg 845w, http:\/\/maricelenmoto.com\/wp-content\/uploads\/2019\/03\/017-Clifden-300x199.jpg 300w, http:\/\/maricelenmoto.com\/wp-content\/uploads\/2019\/03\/017-Clifden-768x510.jpg 768w\" sizes=\"(max-width: 845px) 100vw, 845px\" \/><\/p>\n<p style=\"text-align: left;\">Et le propri\u00e9taire aime bien discutailler et raconter des anecdotes sur l\u2019histoire des lieux et de la r\u00e9gion, ce qui est tr\u00e8s sympa.<\/p>\n<p style=\"text-align: left;\"><strong>La premi\u00e8re semaine<\/strong> est celle o\u00f9 on a fait le plus de kilom\u00e8tres, sous forme de boucles dans le Connemara et jusqu\u2019\u00e0 un peu plus haut, co. Mayo. Trois jours d\u2019affil\u00e9e nous avons fait 180-200 km par jour, pratiquement toute la journ\u00e9e sur les motos.<\/p>\n<p style=\"text-align: left;\"><strong>Le Connemara est un endroit magnifique, magique<\/strong>. On est entour\u00e9s de montagnes de velours vert, avec une v\u00e9g\u00e9tation de montagne, des lacs de montagne, et pourtant on est \u00e0 c\u00f4t\u00e9 ou \u00e0 quelques kilom\u00e8tres de l\u2019Oc\u00e9an. Basiquement, on roulait, puis on s\u2019arr\u00eatait pour prendre des photos, puis on roulait, puis on s\u2019arr\u00eatait pour prendre des photos, et ainsi de suite toute la journ\u00e9e\u2026 Nous avons eu un temps magnifique cette semaine-l\u00e0, 23-25\u00b0C en moyenne la journ\u00e9e, toujours avec un peu d\u2019air frais, et avec une pointe \u00e0 30\u00b0C notre dernier jour de \u00ab\u00a0boucle\u00a0\u00bb, un peu trop chaud et pas tr\u00e8s pratique quand on s\u2019arr\u00eatait\u2026 oblig\u00e9s de s\u2019enlever les vestes pour ne pas crever de chaud.<\/p>\n<p style=\"text-align: left;\">J\u2019arr\u00eate les descriptions et laisse un peu parler les photos\u2026<\/p>\n<p style=\"text-align: left;\"><strong>1<sup>er<\/sup> jour\u00a0: Sky Road- Clifden<\/strong><\/p>\n<p style=\"text-align: center;\"><img decoding=\"async\" loading=\"lazy\" class=\"aligncenter size-full wp-image-415\" src=\"http:\/\/maricelenmoto.com\/wp-content\/uploads\/2019\/03\/005-Clifden.jpg\" alt=\"\" width=\"845\" height=\"561\" srcset=\"http:\/\/maricelenmoto.com\/wp-content\/uploads\/2019\/03\/005-Clifden.jpg 845w, http:\/\/maricelenmoto.com\/wp-content\/uploads\/2019\/03\/005-Clifden-300x199.jpg 300w, http:\/\/maricelenmoto.com\/wp-content\/uploads\/2019\/03\/005-Clifden-768x510.jpg 768w\" sizes=\"(max-width: 845px) 100vw, 845px\" \/><\/p>\n<p style=\"text-align: left;\"><strong>2\u00e8me Jour<\/strong><\/p>\n<p style=\"text-align: center;\"><a href=\"https:\/\/www.google.ie\/maps\/dir\/Clifden,+Co.+Galway\/Ballyconneely,+Galway\/Roundstone\/Ballinafad,+Galway\/Carna,+Galway\/Gortmore,+Galway\/Costelloe\/Coral+Beach\/Maam+Cross\/Clifden\/@53.3674771,-9.954937,11z\/data=!3m1!4b1!4m62!4m61!1m5!1m1!1s0x485a24b34aef62e9:0xa00c7a997319670!2m2!1d-10.0179253!2d53.488986!1m5!1m1!1s0x485a3c5307c6f771:0x2600c7a7bb4b8392!2m2!1d-10.0701066!2d53.4292767!1m5!1m1!1s0x485a3996bd2f0727:0xa00c7a9973196c0!2m2!1d-9.9190184!2d53.3964208!1m5!1m1!1s0x485a310fa2522431:0x71673d92206fc528!2m2!1d-9.8292069!2d53.4533293!1m5!1m1!1s0x485a48195f66f187:0x1800c7a937dfd030!2m2!1d-9.8277538!2d53.3264748!1m5!1m1!1s0x485bcae58d0a76a9:0x4aaeb75762c35a44!2m2!1d-9.6101962!2d53.3928436!1m5!1m1!1s0x485bb48b339941cf:0x2600c7a819bb1662!2m2!1d-9.5499547!2d53.2879391!1m5!1m1!1s0x485a4c90b86bc6dd:0x15019a7564e698bd!2m2!1d-9.6299109!2d53.2490686!1m5!1m1!1s0x485bcea6508ef171:0x2600c7a819bb1a62!2m2!1d-9.54086!2d53.45594!1m5!1m1!1s0x485a24b34aef62e9:0xa00c7a997319670!2m2!1d-10.0179253!2d53.488986!3e0?hl=en\" target=\"_blank\" rel=\"noopener\"><img decoding=\"async\" loading=\"lazy\" class=\"aligncenter wp-image-441 size-full\" src=\"http:\/\/maricelenmoto.com\/wp-content\/uploads\/2019\/03\/001-Connemara-day1.jpg\" alt=\"\" width=\"400\" height=\"400\" srcset=\"http:\/\/maricelenmoto.com\/wp-content\/uploads\/2019\/03\/001-Connemara-day1.jpg 400w, http:\/\/maricelenmoto.com\/wp-content\/uploads\/2019\/03\/001-Connemara-day1-150x150.jpg 150w, http:\/\/maricelenmoto.com\/wp-content\/uploads\/2019\/03\/001-Connemara-day1-300x300.jpg 300w\" sizes=\"(max-width: 400px) 100vw, 400px\" \/><\/a><\/p>\n<p style=\"text-align: center;\">Ballyconneely<img decoding=\"async\" loading=\"lazy\" class=\"aligncenter size-full wp-image-417\" src=\"http:\/\/maricelenmoto.com\/wp-content\/uploads\/2019\/03\/006-Clifden.jpg\" alt=\"\" width=\"845\" height=\"561\" srcset=\"http:\/\/maricelenmoto.com\/wp-content\/uploads\/2019\/03\/006-Clifden.jpg 845w, http:\/\/maricelenmoto.com\/wp-content\/uploads\/2019\/03\/006-Clifden-300x199.jpg 300w, http:\/\/maricelenmoto.com\/wp-content\/uploads\/2019\/03\/006-Clifden-768x510.jpg 768w\" sizes=\"(max-width: 845px) 100vw, 845px\" \/><\/p>\n<p style=\"text-align: center;\">Roundstone<img decoding=\"async\" loading=\"lazy\" class=\"aligncenter size-full wp-image-419\" src=\"http:\/\/maricelenmoto.com\/wp-content\/uploads\/2019\/03\/008-Roundstone.jpg\" alt=\"\" width=\"845\" height=\"561\" srcset=\"http:\/\/maricelenmoto.com\/wp-content\/uploads\/2019\/03\/008-Roundstone.jpg 845w, http:\/\/maricelenmoto.com\/wp-content\/uploads\/2019\/03\/008-Roundstone-300x199.jpg 300w, http:\/\/maricelenmoto.com\/wp-content\/uploads\/2019\/03\/008-Roundstone-768x510.jpg 768w\" sizes=\"(max-width: 845px) 100vw, 845px\" \/><\/p>\n<p style=\"text-align: center;\">Bog Road<img decoding=\"async\" loading=\"lazy\" class=\"aligncenter size-full wp-image-418\" src=\"http:\/\/maricelenmoto.com\/wp-content\/uploads\/2019\/03\/007-BogRoad.jpg\" alt=\"\" width=\"845\" height=\"561\" srcset=\"http:\/\/maricelenmoto.com\/wp-content\/uploads\/2019\/03\/007-BogRoad.jpg 845w, http:\/\/maricelenmoto.com\/wp-content\/uploads\/2019\/03\/007-BogRoad-300x199.jpg 300w, http:\/\/maricelenmoto.com\/wp-content\/uploads\/2019\/03\/007-BogRoad-768x510.jpg 768w\" sizes=\"(max-width: 845px) 100vw, 845px\" \/><\/p>\n<p style=\"text-align: center;\">Coral Beach<img decoding=\"async\" loading=\"lazy\" class=\"aligncenter size-full wp-image-420\" src=\"http:\/\/maricelenmoto.com\/wp-content\/uploads\/2019\/03\/009-CoralBeach.jpg\" alt=\"\" width=\"845\" height=\"561\" srcset=\"http:\/\/maricelenmoto.com\/wp-content\/uploads\/2019\/03\/009-CoralBeach.jpg 845w, http:\/\/maricelenmoto.com\/wp-content\/uploads\/2019\/03\/009-CoralBeach-300x199.jpg 300w, http:\/\/maricelenmoto.com\/wp-content\/uploads\/2019\/03\/009-CoralBeach-768x510.jpg 768w\" sizes=\"(max-width: 845px) 100vw, 845px\" \/><\/p>\n<p style=\"text-align: left;\"><strong>3\u00e8me Jour<\/strong><\/p>\n<p style=\"text-align: center;\"><a href=\"https:\/\/www.google.ie\/maps\/dir\/Clifden,+Co.+Galway\/Leenaun,+Co.+Galway\/Maum,+Co.+Galway\/Clonbur,+Co.+Galway\/Finny\/Leenane\/Clifden,+Co.+Galway\/@53.5131119,-9.6362441,11z\/data=!4m44!4m43!1m5!1m1!1s0x485a24b34aef62e9:0xa00c7a997319670!2m2!1d-10.0179253!2d53.488986!1m5!1m1!1s0x485bd35a5790162b:0xa00c7a997320e10!2m2!1d-9.6931325!2d53.5955956!1m5!1m1!1s0x485bce0648b007bd:0x2600c7a819bb1b81!2m2!1d-9.5658115!2d53.5190912!1m5!1m1!1s0x485bc4b4d7dce369:0xa00c7a99731cc70!2m2!1d-9.3643582!2d53.5451643!1m5!1m1!1s0x485bd066e2d58865:0x2600c7a7bb28bad1!2m2!1d-9.4929986!2d53.570845!1m5!1m1!1s0x485bd35a5790162b:0xa00c7a997320e10!2m2!1d-9.6931325!2d53.5955956!1m5!1m1!1s0x485a24b34aef62e9:0xa00c7a997319670!2m2!1d-10.0179253!2d53.488986!3e0?hl=en\" target=\"_blank\" rel=\"noopener\"><img decoding=\"async\" loading=\"lazy\" class=\"aligncenter wp-image-442 size-full\" src=\"http:\/\/maricelenmoto.com\/wp-content\/uploads\/2019\/03\/002-Connemara-day2.jpg\" alt=\"\" width=\"400\" height=\"250\" srcset=\"http:\/\/maricelenmoto.com\/wp-content\/uploads\/2019\/03\/002-Connemara-day2.jpg 400w, http:\/\/maricelenmoto.com\/wp-content\/uploads\/2019\/03\/002-Connemara-day2-300x188.jpg 300w\" sizes=\"(max-width: 400px) 100vw, 400px\" \/><\/a><\/p>\n<p style=\"text-align: center;\">Pr\u00e8s de Leenane<img decoding=\"async\" loading=\"lazy\" class=\"aligncenter size-full wp-image-421\" src=\"http:\/\/maricelenmoto.com\/wp-content\/uploads\/2019\/03\/010-Clifden.jpg\" alt=\"\" width=\"845\" height=\"561\" srcset=\"http:\/\/maricelenmoto.com\/wp-content\/uploads\/2019\/03\/010-Clifden.jpg 845w, http:\/\/maricelenmoto.com\/wp-content\/uploads\/2019\/03\/010-Clifden-300x199.jpg 300w, http:\/\/maricelenmoto.com\/wp-content\/uploads\/2019\/03\/010-Clifden-768x510.jpg 768w\" sizes=\"(max-width: 845px) 100vw, 845px\" \/><\/p>\n<p style=\"text-align: center;\">Lough Corrib<img decoding=\"async\" loading=\"lazy\" class=\"aligncenter size-full wp-image-422\" src=\"http:\/\/maricelenmoto.com\/wp-content\/uploads\/2019\/03\/011-Clifden.jpg\" alt=\"\" width=\"845\" height=\"561\" srcset=\"http:\/\/maricelenmoto.com\/wp-content\/uploads\/2019\/03\/011-Clifden.jpg 845w, http:\/\/maricelenmoto.com\/wp-content\/uploads\/2019\/03\/011-Clifden-300x199.jpg 300w, http:\/\/maricelenmoto.com\/wp-content\/uploads\/2019\/03\/011-Clifden-768x510.jpg 768w\" sizes=\"(max-width: 845px) 100vw, 845px\" \/><\/p>\n<p style=\"text-align: center;\">Lough Mask<\/p>\n<p style=\"text-align: center;\"><img decoding=\"async\" loading=\"lazy\" class=\"aligncenter size-full wp-image-423\" src=\"http:\/\/maricelenmoto.com\/wp-content\/uploads\/2019\/03\/012-Clifden.jpg\" alt=\"\" width=\"561\" height=\"845\" srcset=\"http:\/\/maricelenmoto.com\/wp-content\/uploads\/2019\/03\/012-Clifden.jpg 561w, http:\/\/maricelenmoto.com\/wp-content\/uploads\/2019\/03\/012-Clifden-199x300.jpg 199w\" sizes=\"(max-width: 561px) 100vw, 561px\" \/><\/p>\n<p style=\"text-align: center;\">Lough Nafooey<img decoding=\"async\" loading=\"lazy\" class=\"aligncenter size-full wp-image-424\" src=\"http:\/\/maricelenmoto.com\/wp-content\/uploads\/2019\/03\/013-Clifden.jpg\" alt=\"\" width=\"845\" height=\"561\" srcset=\"http:\/\/maricelenmoto.com\/wp-content\/uploads\/2019\/03\/013-Clifden.jpg 845w, http:\/\/maricelenmoto.com\/wp-content\/uploads\/2019\/03\/013-Clifden-300x199.jpg 300w, http:\/\/maricelenmoto.com\/wp-content\/uploads\/2019\/03\/013-Clifden-768x510.jpg 768w\" sizes=\"(max-width: 845px) 100vw, 845px\" \/><\/p>\n<p style=\"text-align: center;\"><img decoding=\"async\" loading=\"lazy\" class=\"aligncenter size-full wp-image-425\" src=\"http:\/\/maricelenmoto.com\/wp-content\/uploads\/2019\/03\/014-Clifden.jpg\" alt=\"\" width=\"845\" height=\"561\" srcset=\"http:\/\/maricelenmoto.com\/wp-content\/uploads\/2019\/03\/014-Clifden.jpg 845w, http:\/\/maricelenmoto.com\/wp-content\/uploads\/2019\/03\/014-Clifden-300x199.jpg 300w, http:\/\/maricelenmoto.com\/wp-content\/uploads\/2019\/03\/014-Clifden-768x510.jpg 768w\" sizes=\"(max-width: 845px) 100vw, 845px\" \/><\/p>\n<p style=\"text-align: center;\"><img decoding=\"async\" loading=\"lazy\" class=\"aligncenter size-full wp-image-426\" src=\"http:\/\/maricelenmoto.com\/wp-content\/uploads\/2019\/03\/015-Clifden.jpg\" alt=\"\" width=\"845\" height=\"561\" srcset=\"http:\/\/maricelenmoto.com\/wp-content\/uploads\/2019\/03\/015-Clifden.jpg 845w, http:\/\/maricelenmoto.com\/wp-content\/uploads\/2019\/03\/015-Clifden-300x199.jpg 300w, http:\/\/maricelenmoto.com\/wp-content\/uploads\/2019\/03\/015-Clifden-768x510.jpg 768w\" sizes=\"(max-width: 845px) 100vw, 845px\" \/><\/p>\n<p style=\"text-align: center;\"><img decoding=\"async\" loading=\"lazy\" class=\"aligncenter size-full wp-image-427\" src=\"http:\/\/maricelenmoto.com\/wp-content\/uploads\/2019\/03\/016-Clifden.jpg\" alt=\"\" width=\"845\" height=\"561\" srcset=\"http:\/\/maricelenmoto.com\/wp-content\/uploads\/2019\/03\/016-Clifden.jpg 845w, http:\/\/maricelenmoto.com\/wp-content\/uploads\/2019\/03\/016-Clifden-300x199.jpg 300w, http:\/\/maricelenmoto.com\/wp-content\/uploads\/2019\/03\/016-Clifden-768x510.jpg 768w\" sizes=\"(max-width: 845px) 100vw, 845px\" \/><\/p>\n<p style=\"text-align: left;\"><strong>4\u00e8me Jour<\/strong><\/p>\n<p style=\"text-align: center;\"><a href=\"https:\/\/www.google.ie\/maps\/dir\/Clifden,+Co.+Galway\/Leenaun,+Co.+Galway\/Delphi\/Louisburgh\/Westport,+Co.+Mayo\/Leenane\/Clifden\/@53.6453445,-10.0560691,10z\/data=!3m1!4b1!4m44!4m43!1m5!1m1!1s0x485a24b34aef62e9:0xa00c7a997319670!2m2!1d-10.0179253!2d53.488986!1m5!1m1!1s0x485bd35a5790162b:0xa00c7a997320e10!2m2!1d-9.6931325!2d53.5955956!1m5!1m1!1s0x485a2b3b05e19a95:0x2600c7a819bb02a2!2m2!1d-9.74632!2d53.63225!1m5!1m1!1s0x4859818cfff67113:0xa00c7a99731f2b0!2m2!1d-9.8090849!2d53.7631376!1m5!1m1!1s0x485963563ffd09af:0xa00c7a99731ea80!2m2!1d-9.5143467!2d53.8021307!1m5!1m1!1s0x485bd35a5790162b:0xa00c7a997320e10!2m2!1d-9.6931325!2d53.5955956!1m5!1m1!1s0x485a24b34aef62e9:0xa00c7a997319670!2m2!1d-10.0179253!2d53.488986!3e0?hl=en\" target=\"_blank\" rel=\"noopener\"><img decoding=\"async\" loading=\"lazy\" class=\"aligncenter wp-image-443 size-full\" src=\"http:\/\/maricelenmoto.com\/wp-content\/uploads\/2019\/03\/003-Connemara-day3.jpg\" alt=\"\" width=\"400\" height=\"400\" srcset=\"http:\/\/maricelenmoto.com\/wp-content\/uploads\/2019\/03\/003-Connemara-day3.jpg 400w, http:\/\/maricelenmoto.com\/wp-content\/uploads\/2019\/03\/003-Connemara-day3-150x150.jpg 150w, http:\/\/maricelenmoto.com\/wp-content\/uploads\/2019\/03\/003-Connemara-day3-300x300.jpg 300w\" sizes=\"(max-width: 400px) 100vw, 400px\" \/><\/a><\/p>\n<p style=\"text-align: center;\">Doo Lough (nous l&rsquo;avons surnomm\u00e9 \u00ab\u00a0le lac des taons\u00a0\u00bb- Juan en a encore les cicatrices\u2026)<img decoding=\"async\" loading=\"lazy\" class=\"aligncenter size-full wp-image-432\" src=\"http:\/\/maricelenmoto.com\/wp-content\/uploads\/2019\/03\/021-Clifden.jpg\" alt=\"\" width=\"845\" height=\"561\" srcset=\"http:\/\/maricelenmoto.com\/wp-content\/uploads\/2019\/03\/021-Clifden.jpg 845w, http:\/\/maricelenmoto.com\/wp-content\/uploads\/2019\/03\/021-Clifden-300x199.jpg 300w, http:\/\/maricelenmoto.com\/wp-content\/uploads\/2019\/03\/021-Clifden-768x510.jpg 768w\" sizes=\"(max-width: 845px) 100vw, 845px\" \/><\/p>\n<p style=\"text-align: center;\">Westport Bay<img decoding=\"async\" loading=\"lazy\" class=\"aligncenter size-full wp-image-433\" src=\"http:\/\/maricelenmoto.com\/wp-content\/uploads\/2019\/03\/022-Clifden.jpg\" alt=\"\" width=\"845\" height=\"561\" srcset=\"http:\/\/maricelenmoto.com\/wp-content\/uploads\/2019\/03\/022-Clifden.jpg 845w, http:\/\/maricelenmoto.com\/wp-content\/uploads\/2019\/03\/022-Clifden-300x199.jpg 300w, http:\/\/maricelenmoto.com\/wp-content\/uploads\/2019\/03\/022-Clifden-768x510.jpg 768w\" sizes=\"(max-width: 845px) 100vw, 845px\" \/><\/p>\n<p style=\"text-align: center;\">Croagh Patrick<img decoding=\"async\" loading=\"lazy\" class=\"aligncenter size-full wp-image-436\" src=\"http:\/\/maricelenmoto.com\/wp-content\/uploads\/2019\/03\/023-Clifden.jpg\" alt=\"\" width=\"845\" height=\"561\" srcset=\"http:\/\/maricelenmoto.com\/wp-content\/uploads\/2019\/03\/023-Clifden.jpg 845w, http:\/\/maricelenmoto.com\/wp-content\/uploads\/2019\/03\/023-Clifden-300x199.jpg 300w, http:\/\/maricelenmoto.com\/wp-content\/uploads\/2019\/03\/023-Clifden-768x510.jpg 768w\" sizes=\"(max-width: 845px) 100vw, 845px\" \/><\/p>\n<p style=\"text-align: left;\"><strong>Couchers de soleil et lune sur\u00a0Sky Road:<\/strong><\/p>\n<p style=\"text-align: center;\"><img decoding=\"async\" loading=\"lazy\" class=\"aligncenter size-full wp-image-429\" src=\"http:\/\/maricelenmoto.com\/wp-content\/uploads\/2019\/03\/018-Clifden.jpg\" alt=\"\" width=\"845\" height=\"561\" srcset=\"http:\/\/maricelenmoto.com\/wp-content\/uploads\/2019\/03\/018-Clifden.jpg 845w, http:\/\/maricelenmoto.com\/wp-content\/uploads\/2019\/03\/018-Clifden-300x199.jpg 300w, http:\/\/maricelenmoto.com\/wp-content\/uploads\/2019\/03\/018-Clifden-768x510.jpg 768w\" sizes=\"(max-width: 845px) 100vw, 845px\" \/><\/p>\n<p style=\"text-align: center;\"><img decoding=\"async\" loading=\"lazy\" class=\"aligncenter size-full wp-image-430\" src=\"http:\/\/maricelenmoto.com\/wp-content\/uploads\/2019\/03\/019-Clifden.jpg\" alt=\"\" width=\"845\" height=\"561\" srcset=\"http:\/\/maricelenmoto.com\/wp-content\/uploads\/2019\/03\/019-Clifden.jpg 845w, http:\/\/maricelenmoto.com\/wp-content\/uploads\/2019\/03\/019-Clifden-300x199.jpg 300w, http:\/\/maricelenmoto.com\/wp-content\/uploads\/2019\/03\/019-Clifden-768x510.jpg 768w\" sizes=\"(max-width: 845px) 100vw, 845px\" \/><\/p>\n<p style=\"text-align: center;\"><img decoding=\"async\" loading=\"lazy\" class=\"aligncenter size-full wp-image-431\" src=\"http:\/\/maricelenmoto.com\/wp-content\/uploads\/2019\/03\/020-Clifden.jpg\" alt=\"\" width=\"845\" height=\"561\" srcset=\"http:\/\/maricelenmoto.com\/wp-content\/uploads\/2019\/03\/020-Clifden.jpg 845w, http:\/\/maricelenmoto.com\/wp-content\/uploads\/2019\/03\/020-Clifden-300x199.jpg 300w, http:\/\/maricelenmoto.com\/wp-content\/uploads\/2019\/03\/020-Clifden-768x510.jpg 768w\" sizes=\"(max-width: 845px) 100vw, 845px\" \/><\/p>\n<p style=\"text-align: left;\">Autant dire que les 2 derniers jours on en a bien profit\u00e9 pour ne rien faire, \u00e0 part visiter les pubs du village et profiter un peu de la Guinness pour Juan et la Bulmers\/Magners (cidre) pour moi\u2026<\/p>\n<p style=\"text-align: center;\"><img decoding=\"async\" loading=\"lazy\" class=\"aligncenter size-full wp-image-434\" src=\"http:\/\/maricelenmoto.com\/wp-content\/uploads\/2019\/03\/022bis-Clifden.jpg\" alt=\"\" width=\"845\" height=\"634\" srcset=\"http:\/\/maricelenmoto.com\/wp-content\/uploads\/2019\/03\/022bis-Clifden.jpg 845w, http:\/\/maricelenmoto.com\/wp-content\/uploads\/2019\/03\/022bis-Clifden-300x225.jpg 300w, http:\/\/maricelenmoto.com\/wp-content\/uploads\/2019\/03\/022bis-Clifden-768x576.jpg 768w\" sizes=\"(max-width: 845px) 100vw, 845px\" \/><\/p>\n<p style=\"text-align: center;\"><img decoding=\"async\" loading=\"lazy\" class=\"aligncenter size-full wp-image-435\" src=\"http:\/\/maricelenmoto.com\/wp-content\/uploads\/2019\/03\/022ter-Clifden.jpg\" alt=\"\" width=\"634\" height=\"845\" srcset=\"http:\/\/maricelenmoto.com\/wp-content\/uploads\/2019\/03\/022ter-Clifden.jpg 634w, http:\/\/maricelenmoto.com\/wp-content\/uploads\/2019\/03\/022ter-Clifden-225x300.jpg 225w\" sizes=\"(max-width: 634px) 100vw, 634px\" \/><\/p>\n<p style=\"text-align: left;\">Le lundi suivant, <strong>la t\u00eate pleine de paysages<\/strong>, nous repartions pour 380km \u2013 environ 6 heures de route.<\/p>\n<p style=\"text-align: left;\"><a href=\"http:\/\/maricelenmoto.com\/fr\/archivos\/452\" target=\"_blank\" rel=\"noopener\"><strong>A suivre&#8230;<\/strong><\/a><\/p>\n<p style=\"text-align: left;\">\n<p><\/p>","protected":false},"excerpt":{"rendered":"<p>Cette ann\u00e9e 2013 nos vacances \u00e9taient un peu sp\u00e9ciales car nous partions en Voyage de&#8230;<\/p>\n","protected":false},"author":1,"featured_media":418,"comment_status":"open","ping_status":"open","sticky":false,"template":"","format":"standard","meta":{"sfsi_plus_gutenberg_text_before_share":"","sfsi_plus_gutenberg_show_text_before_share":"","sfsi_plus_gutenberg_icon_type":"","sfsi_plus_gutenberg_icon_alignemt":"","sfsi_plus_gutenburg_max_per_row":""},"categories":[35],"tags":[54,49,55],"_links":{"self":[{"href":"http:\/\/maricelenmoto.com\/fr\/wp-json\/wp\/v2\/posts\/413"}],"collection":[{"href":"http:\/\/maricelenmoto.com\/fr\/wp-json\/wp\/v2\/posts"}],"about":[{"href":"http:\/\/maricelenmoto.com\/fr\/wp-json\/wp\/v2\/types\/post"}],"author":[{"embeddable":true,"href":"http:\/\/maricelenmoto.com\/fr\/wp-json\/wp\/v2\/users\/1"}],"replies":[{"embeddable":true,"href":"http:\/\/maricelenmoto.com\/fr\/wp-json\/wp\/v2\/comments?post=413"}],"version-history":[{"count":19,"href":"http:\/\/maricelenmoto.com\/fr\/wp-json\/wp\/v2\/posts\/413\/revisions"}],"predecessor-version":[{"id":1186,"href":"http:\/\/maricelenmoto.com\/fr\/wp-json\/wp\/v2\/posts\/413\/revisions\/1186"}],"wp:featuredmedia":[{"embeddable":true,"href":"http:\/\/maricelenmoto.com\/fr\/wp-json\/wp\/v2\/media\/418"}],"wp:attachment":[{"href":"http:\/\/maricelenmoto.com\/fr\/wp-json\/wp\/v2\/media?parent=413"}],"wp:term":[{"taxonomy":"category","embeddable":true,"href":"http:\/\/maricelenmoto.com\/fr\/wp-json\/wp\/v2\/categories?post=413"},{"taxonomy":"post_tag","embeddable":true,"href":"http:\/\/maricelenmoto.com\/fr\/wp-json\/wp\/v2\/tags?post=413"}],"curies":[{"name":"wp","href":"https:\/\/api.w.org\/{rel}","templated":true}]}}