{"id":152,"date":"2003-08-09T14:21:42","date_gmt":"2003-08-09T13:21:42","guid":{"rendered":"http:\/\/maricelenmoto.com\/?p=152"},"modified":"2019-07-05T14:27:03","modified_gmt":"2019-07-05T13:27:03","slug":"mis-primeras-vacaciones-moteras","status":"publish","type":"post","link":"http:\/\/maricelenmoto.com\/fr\/archivos\/152","title":{"rendered":"Mes premi\u00e8res vacances en moto"},"content":{"rendered":"<p><strong>C\u2019\u00e9tait mon premier \u201clong\u201d voyage en moto et seule<\/strong>; le voyage le plus long jusque l\u00e0 \u00e9tait un aller-retour Barcelone-Onteniente en 3 jours, et j\u2019\u00e9tais alors (bien) accompagn\u00e9e.<\/p>\n<p>Je suis partie le samedi matin de Barcelone pour une premi\u00e8re courte \u00e9tape\u00a0: Perpignan o\u00f9 j\u2019ai pass\u00e9 le week-end en famille. Voyage par l\u2019autoroute, rien d\u2019original, quelques bouchons habituels aux p\u00e9ages, normal\u2026 un peu ennuyeux.<\/p>\n<p>Le lundi suivant apr\u00e8s le repas je partais pour la deuxi\u00e8me \u00e9tape du trajet, Bordeaux, o\u00f9 je passais la nuit, aussi par l\u2019autoroute, aussi ennuyeux. <strong>Le seul d\u00e9tail du voyage \u00e0 la premi\u00e8re station-service o\u00f9 je m\u2019arr\u00eatai<\/strong>, \u00a0il y avait 3 Goldwings\u00a0avec remorque immatricul\u00e9es en Irlande. Et une autre est arriv\u00e9e (sans remorque) avec un couple de belges avec qui j\u2019ai discut\u00e9 un peu pendant que nous reprenions des forces\u2026 Ils \u00e9taient all\u00e9s \u00e0 Barcelone pour le Centenaire de Harley, puis avaient parcouru la C\u00f4te d\u2019Azur, et ils allaient \u00e0 Lourdes avant de rentrer en Belgique (et apr\u00e8s y en a qui disent que je fais beaucoup de kilom\u00e8tres&#8230; \ud83d\ude09 ).<\/p>\n<p>T\u00f4t le lendemain matin je partais pour <strong>le Man<\/strong>s, premi\u00e8re moiti\u00e9 par l\u2019autoroute et la deuxi\u00e8me par des routes Nationales, en lignes droites, mais un peu moins ennuyeux que l\u2019autoroute. Il faisait beau mais pas trop chaud.<\/p>\n<p>Le petit d\u00e9tail du jour est mon arriv\u00e9e\u2026 la t\u00eate de ma ni\u00e8ce de 3 ans quand elle a vu une moto entrer dans son jardin, et\u2026 sa marraine descendre et s\u2019enlever le casque\u2026 on dirait qu&rsquo;elle aime bien les motos d\u00e9j\u00e0\u00a0\ud83d\ude09 (d\u00e9sol\u00e9e pour son papa :\/ ).<\/p>\n<p style=\"text-align: center;\"><img decoding=\"async\" loading=\"lazy\" class=\"aligncenter size-full wp-image-169\" src=\"http:\/\/maricelenmoto.com\/wp-content\/uploads\/2019\/01\/000-Le-Mans.jpg\" alt=\"\" width=\"560\" height=\"845\" srcset=\"http:\/\/maricelenmoto.com\/wp-content\/uploads\/2019\/01\/000-Le-Mans.jpg 560w, http:\/\/maricelenmoto.com\/wp-content\/uploads\/2019\/01\/000-Le-Mans-199x300.jpg 199w\" sizes=\"(max-width: 560px) 100vw, 560px\" \/><\/p>\n<p>Apr\u00e8s une semaine en famille, j\u2019ai repris la route\u00a0le samedi suivant <strong>du Mans jusqu\u2019\u00e0 Nior<\/strong>t, environ 200km, dont 150 sous une pluie diluvienne\u2026 Je suis arriv\u00e9e compl\u00e8tement tremp\u00e9e et j\u2019ai eu besoin du week-end entier pour me s\u00e9cher (un peu exag\u00e9r\u00e9 mais pas tant que ca\u00a0\ud83d\ude09 ).<\/p>\n<p>Le lundi suivant j\u2019ai quitt\u00e9 <strong>Niort pour Bilbao<\/strong>, trajet complet par autoroute et double-voie. Un peu ennuyeux mais contente de la destination&#8230;<\/p>\n<p>Apr\u00e8s un arr\u00eat \u00e0 la fronti\u00e8re pour manger (tard) avec un copain du forum, Lorenzo, j\u2019ai continu\u00e9 ma route jusqu\u2019\u00e0 Bilbao o\u00f9 j\u2019ai \u00e9t\u00e9 re\u00e7ue comme une reine par une autre copine du forum, Cris. Un plaisir de la revoir et passer un peu de temps en bonne compagnie.<\/p>\n<p>Le lendemain elle m\u2019a gentiment accompagn\u00e9e jusqu\u2019\u00e0 mi-chemin, <strong>San Vicente de la Barquera<\/strong>, par de tr\u00e8s belles routes et de jolis endroits o\u00f9 il faudra revenir sans valises (entre autres Santillana del Mar).<\/p>\n<p><img decoding=\"async\" loading=\"lazy\" class=\"aligncenter size-full wp-image-154\" src=\"http:\/\/maricelenmoto.com\/wp-content\/uploads\/2019\/01\/001-Cantabria.jpg\" alt=\"\" width=\"845\" height=\"563\" srcset=\"http:\/\/maricelenmoto.com\/wp-content\/uploads\/2019\/01\/001-Cantabria.jpg 845w, http:\/\/maricelenmoto.com\/wp-content\/uploads\/2019\/01\/001-Cantabria-300x200.jpg 300w, http:\/\/maricelenmoto.com\/wp-content\/uploads\/2019\/01\/001-Cantabria-768x512.jpg 768w\" sizes=\"(max-width: 845px) 100vw, 845px\" \/><\/p>\n<p><img decoding=\"async\" loading=\"lazy\" class=\"aligncenter size-full wp-image-155\" src=\"http:\/\/maricelenmoto.com\/wp-content\/uploads\/2019\/01\/002-Cantabria.jpg\" alt=\"\" width=\"845\" height=\"566\" srcset=\"http:\/\/maricelenmoto.com\/wp-content\/uploads\/2019\/01\/002-Cantabria.jpg 845w, http:\/\/maricelenmoto.com\/wp-content\/uploads\/2019\/01\/002-Cantabria-300x201.jpg 300w, http:\/\/maricelenmoto.com\/wp-content\/uploads\/2019\/01\/002-Cantabria-768x514.jpg 768w\" sizes=\"(max-width: 845px) 100vw, 845px\" \/><\/p>\n<p><img decoding=\"async\" loading=\"lazy\" class=\"aligncenter size-full wp-image-156\" src=\"http:\/\/maricelenmoto.com\/wp-content\/uploads\/2019\/01\/003-Cantabria.jpg\" alt=\"\" width=\"845\" height=\"564\" srcset=\"http:\/\/maricelenmoto.com\/wp-content\/uploads\/2019\/01\/003-Cantabria.jpg 845w, http:\/\/maricelenmoto.com\/wp-content\/uploads\/2019\/01\/003-Cantabria-300x200.jpg 300w, http:\/\/maricelenmoto.com\/wp-content\/uploads\/2019\/01\/003-Cantabria-768x513.jpg 768w\" sizes=\"(max-width: 845px) 100vw, 845px\" \/><\/p>\n<p>A San Vicente de la Barquera, Cris a fait demi-tour et j\u2019ai continu\u00e9 (par la double-voie) jusqu\u2019\u00e0 Oviedo (parce qu\u2019il n\u2019y avait pas de sortie \u00ab\u00a0Gij\u00f3n\u00a0\u00bb&#8230;). J\u2019y ai retrouv\u00e9 un autre copain du forum, Julio et nous avons essay\u00e9 de joindre Rafa, sans succ\u00e8s\u2026 Au bout d\u2019un moment Julio s\u2019est rendu compte qu&rsquo;une des motos gar\u00e9es \u00e0 c\u00f4t\u00e9 des n\u00f4tres \u00e9tait celle d\u2019un autre gars du forum, Juan, qui n\u2019\u00e9tait pas tr\u00e8s loin et s\u2019est joint \u00e0 nous\u2026\u00a0 Puis Rafa est finalement arriv\u00e9 et nous sommes tous all\u00e9s d\u00eener (tr\u00e8s bien) dans un village\u2026 et ainsi s\u2019est termin\u00e9 mon premier jour dans les Asturies, en bonne compagnie.<\/p>\n<p><strong>Les 3 jours suivants se sont suivis entre balades sur des routes avec de beaux virolos<\/strong>\u00a0(il n\u2019y a que \u00e7a), des endroits superbes, tant \u00e0 l\u2019int\u00e9rieur des terres que sur la c\u00f4te, des villages de p\u00eacheurs, un cap o\u00f9 nous n\u2019avons pas trouv\u00e9 le chemin jusqu\u2019\u00e0 la pointe, et un peu des \u00ab\u00a0Pics d\u2019Europe\u00a0\u00bb, o\u00f9 nous \u00e9tions au-dessus de la mer de nuage, un paysage magnifique sous un soleil incroyable\u00a0:).<\/p>\n<p style=\"text-align: center;\">Cabo Pe\u00f1as<img decoding=\"async\" loading=\"lazy\" class=\"aligncenter size-full wp-image-157\" src=\"http:\/\/maricelenmoto.com\/wp-content\/uploads\/2019\/01\/004-Cabo-Pen\u0303as.jpg\" alt=\"\" width=\"845\" height=\"566\" srcset=\"http:\/\/maricelenmoto.com\/wp-content\/uploads\/2019\/01\/004-Cabo-Pen\u0303as.jpg 845w, http:\/\/maricelenmoto.com\/wp-content\/uploads\/2019\/01\/004-Cabo-Pen\u0303as-300x201.jpg 300w, http:\/\/maricelenmoto.com\/wp-content\/uploads\/2019\/01\/004-Cabo-Pen\u0303as-768x514.jpg 768w\" sizes=\"(max-width: 845px) 100vw, 845px\" \/><\/p>\n<p><img decoding=\"async\" loading=\"lazy\" class=\"aligncenter size-full wp-image-158\" src=\"http:\/\/maricelenmoto.com\/wp-content\/uploads\/2019\/01\/005-Cabo-Pen\u0303as.jpg\" alt=\"\" width=\"845\" height=\"563\" srcset=\"http:\/\/maricelenmoto.com\/wp-content\/uploads\/2019\/01\/005-Cabo-Pen\u0303as.jpg 845w, http:\/\/maricelenmoto.com\/wp-content\/uploads\/2019\/01\/005-Cabo-Pen\u0303as-300x200.jpg 300w, http:\/\/maricelenmoto.com\/wp-content\/uploads\/2019\/01\/005-Cabo-Pen\u0303as-768x512.jpg 768w\" sizes=\"(max-width: 845px) 100vw, 845px\" \/><\/p>\n<p style=\"text-align: center;\">Cudillero<img decoding=\"async\" loading=\"lazy\" class=\"aligncenter size-full wp-image-159\" src=\"http:\/\/maricelenmoto.com\/wp-content\/uploads\/2019\/01\/006-Cudillero.jpg\" alt=\"\" width=\"845\" height=\"563\" srcset=\"http:\/\/maricelenmoto.com\/wp-content\/uploads\/2019\/01\/006-Cudillero.jpg 845w, http:\/\/maricelenmoto.com\/wp-content\/uploads\/2019\/01\/006-Cudillero-300x200.jpg 300w, http:\/\/maricelenmoto.com\/wp-content\/uploads\/2019\/01\/006-Cudillero-768x512.jpg 768w\" sizes=\"(max-width: 845px) 100vw, 845px\" \/><\/p>\n<p style=\"text-align: center;\">Cangas de Onis<img decoding=\"async\" loading=\"lazy\" class=\"aligncenter size-full wp-image-160\" src=\"http:\/\/maricelenmoto.com\/wp-content\/uploads\/2019\/01\/007-Cangas-de-Onis.jpg\" alt=\"\" width=\"845\" height=\"564\" srcset=\"http:\/\/maricelenmoto.com\/wp-content\/uploads\/2019\/01\/007-Cangas-de-Onis.jpg 845w, http:\/\/maricelenmoto.com\/wp-content\/uploads\/2019\/01\/007-Cangas-de-Onis-300x200.jpg 300w, http:\/\/maricelenmoto.com\/wp-content\/uploads\/2019\/01\/007-Cangas-de-Onis-768x513.jpg 768w\" sizes=\"(max-width: 845px) 100vw, 845px\" \/><\/p>\n<p style=\"text-align: center;\">Lacs de Covadonga- Lago Ercina<img decoding=\"async\" loading=\"lazy\" class=\"aligncenter size-full wp-image-161\" src=\"http:\/\/maricelenmoto.com\/wp-content\/uploads\/2019\/01\/008-Lagos-Covadonga.jpg\" alt=\"\" width=\"845\" height=\"563\" srcset=\"http:\/\/maricelenmoto.com\/wp-content\/uploads\/2019\/01\/008-Lagos-Covadonga.jpg 845w, http:\/\/maricelenmoto.com\/wp-content\/uploads\/2019\/01\/008-Lagos-Covadonga-300x200.jpg 300w, http:\/\/maricelenmoto.com\/wp-content\/uploads\/2019\/01\/008-Lagos-Covadonga-768x512.jpg 768w\" sizes=\"(max-width: 845px) 100vw, 845px\" \/><\/p>\n<p style=\"text-align: center;\"><img decoding=\"async\" loading=\"lazy\" class=\"aligncenter size-full wp-image-162\" src=\"http:\/\/maricelenmoto.com\/wp-content\/uploads\/2019\/01\/009-Lagos-Covadonga.jpg\" alt=\"\" width=\"845\" height=\"565\" srcset=\"http:\/\/maricelenmoto.com\/wp-content\/uploads\/2019\/01\/009-Lagos-Covadonga.jpg 845w, http:\/\/maricelenmoto.com\/wp-content\/uploads\/2019\/01\/009-Lagos-Covadonga-300x201.jpg 300w, http:\/\/maricelenmoto.com\/wp-content\/uploads\/2019\/01\/009-Lagos-Covadonga-768x514.jpg 768w\" sizes=\"(max-width: 845px) 100vw, 845px\" \/><\/p>\n<p style=\"text-align: center;\"><img decoding=\"async\" loading=\"lazy\" class=\"aligncenter size-full wp-image-163\" src=\"http:\/\/maricelenmoto.com\/wp-content\/uploads\/2019\/01\/010-Lagos-Covadonga.jpg\" alt=\"\" width=\"845\" height=\"566\" srcset=\"http:\/\/maricelenmoto.com\/wp-content\/uploads\/2019\/01\/010-Lagos-Covadonga.jpg 845w, http:\/\/maricelenmoto.com\/wp-content\/uploads\/2019\/01\/010-Lagos-Covadonga-300x201.jpg 300w, http:\/\/maricelenmoto.com\/wp-content\/uploads\/2019\/01\/010-Lagos-Covadonga-768x514.jpg 768w\" sizes=\"(max-width: 845px) 100vw, 845px\" \/><\/p>\n<p style=\"text-align: center;\"><img decoding=\"async\" loading=\"lazy\" class=\"aligncenter size-full wp-image-164\" src=\"http:\/\/maricelenmoto.com\/wp-content\/uploads\/2019\/01\/011-Mardenubes.jpg\" alt=\"\" width=\"845\" height=\"566\" srcset=\"http:\/\/maricelenmoto.com\/wp-content\/uploads\/2019\/01\/011-Mardenubes.jpg 845w, http:\/\/maricelenmoto.com\/wp-content\/uploads\/2019\/01\/011-Mardenubes-300x201.jpg 300w, http:\/\/maricelenmoto.com\/wp-content\/uploads\/2019\/01\/011-Mardenubes-768x514.jpg 768w\" sizes=\"(max-width: 845px) 100vw, 845px\" \/><\/p>\n<p style=\"text-align: center;\"><img decoding=\"async\" loading=\"lazy\" class=\"aligncenter size-full wp-image-165\" src=\"http:\/\/maricelenmoto.com\/wp-content\/uploads\/2019\/01\/012-Mardenubes.jpg\" alt=\"\" width=\"845\" height=\"564\" srcset=\"http:\/\/maricelenmoto.com\/wp-content\/uploads\/2019\/01\/012-Mardenubes.jpg 845w, http:\/\/maricelenmoto.com\/wp-content\/uploads\/2019\/01\/012-Mardenubes-300x200.jpg 300w, http:\/\/maricelenmoto.com\/wp-content\/uploads\/2019\/01\/012-Mardenubes-768x513.jpg 768w\" sizes=\"(max-width: 845px) 100vw, 845px\" \/><\/p>\n<p style=\"text-align: center;\">Lacs de Covadonga &#8211; Lago Enol<img decoding=\"async\" loading=\"lazy\" class=\"aligncenter size-full wp-image-166\" src=\"http:\/\/maricelenmoto.com\/wp-content\/uploads\/2019\/01\/013-Lago-Enol.jpg\" alt=\"\" width=\"845\" height=\"566\" srcset=\"http:\/\/maricelenmoto.com\/wp-content\/uploads\/2019\/01\/013-Lago-Enol.jpg 845w, http:\/\/maricelenmoto.com\/wp-content\/uploads\/2019\/01\/013-Lago-Enol-300x201.jpg 300w, http:\/\/maricelenmoto.com\/wp-content\/uploads\/2019\/01\/013-Lago-Enol-768x514.jpg 768w\" sizes=\"(max-width: 845px) 100vw, 845px\" \/><\/p>\n<p>Et ce, accompagn\u00e9e de guides d\u2019exception (sauf un qui se perdait \u00e0 tous les ronds-points\u00a0\ud83d\ude09 )<\/p>\n<p><strong>A souligner le beau temps qui nous a accompagn\u00e9s toute la semaine, pas une seule goutte d\u2019eau\u00a0<\/strong>! Qui a dit que dans les Asturies il pleut tout le temps\u00a0?<\/p>\n<p>Un d\u00e9tail d\u2019une des balades\u2026 dans un village sur le chemin des Pics d\u2019Europe, un vieux monsieur (environ 80 ans je dirais) qui nous a vu passer et nous a salu\u00e9s tous les 4 en V\u2019s\u2026 Il n\u2019y a pas d\u2019\u00e2ge pour la passion :).<\/p>\n<p>Le vendredi soir c\u2019\u00e9tait le \u00ab\u00a0repas d\u2019adieu\u00a0\u00bb (bien qu\u2019improvis\u00e9) avec beaucoup de cidre (un peu trop pour certain- je ne donnerai pas de noms\u00a0\ud83d\ude09 ) jusqu\u2019\u00e0 \u00ab\u00a0un peu\u00a0\u00bb tard\u2026<\/p>\n<p><strong>Et le samedi il fallait prendre le chemin du retour<\/strong> \ud83d\ude41 . Cependant (bien) accompagn\u00e9e par 3 irr\u00e9ductibles Asturiens jusqu\u2019\u00e0 je ne sais o\u00f9, o\u00f9 nous nous sommes arr\u00eat\u00e9s pour manger nos sandwichs \u00e0 l\u2019ombre d\u2019un arbre et o\u00f9 j\u2019ai fait une petite sieste, bien n\u00e9cessaire\u2026<\/p>\n<p><strong>Vers 16h30 nous avons lev\u00e9 le camps<\/strong>, 2 irr\u00e9ductibles Asturiens rentr\u00e8rent chez eux alors qu\u2019un 3<sup>\u00e8me<\/sup> encore plus irr\u00e9ductible m\u2019accompagnait jusqu\u2019\u00e0 Bilbao. Nous avons eu un peu de mal \u00e0 retrouver la double voie mais la Nationale \u00e9tait pas mal aussi. J\u2019ai laiss\u00e9 Julio \u00e0 Bilbao et j\u2019ai suivi la nationale jusqu\u2019\u00e0 <strong>Pamplune<\/strong>.<\/p>\n<p><strong>Une tr\u00e8s jolie route et agr\u00e9able avec de beaux paysages<\/strong>, sauf la derni\u00e8re partie en double-voie un peu plus ennuyeuse, et surtout il faisait tr\u00e8s chaud, en plus d\u2019un fort vent lat\u00e9ral. Autant dire que j\u2019ai pass\u00e9 une bonne nuit \u00e0 Pamplune\u2026 \ud83d\ude09<\/p>\n<p>Je suis repartie le lendemain matin pour le dernier tron\u00e7on <strong>Pamplune-Jaca-Huesca-Barbastro-Lleida-Barcelon<\/strong>e. La premi\u00e8re partie<strong> jusqu\u2019\u00e0 Huesca par de tr\u00e8s belles routes, avec de superbes paysage<\/strong>s (villages perdus, barrage de Yesa, vues incroyable sur les Pyr\u00e9n\u00e9es).<\/p>\n<p><img decoding=\"async\" loading=\"lazy\" class=\"aligncenter size-full wp-image-167\" src=\"http:\/\/maricelenmoto.com\/wp-content\/uploads\/2019\/01\/014-vuelta-Embalse-Yesa.jpg\" alt=\"\" width=\"845\" height=\"564\" srcset=\"http:\/\/maricelenmoto.com\/wp-content\/uploads\/2019\/01\/014-vuelta-Embalse-Yesa.jpg 845w, http:\/\/maricelenmoto.com\/wp-content\/uploads\/2019\/01\/014-vuelta-Embalse-Yesa-300x200.jpg 300w, http:\/\/maricelenmoto.com\/wp-content\/uploads\/2019\/01\/014-vuelta-Embalse-Yesa-768x513.jpg 768w\" sizes=\"(max-width: 845px) 100vw, 845px\" \/><\/p>\n<p style=\"text-align: center;\">Barrage de Yesa<img decoding=\"async\" loading=\"lazy\" class=\"aligncenter size-full wp-image-168\" src=\"http:\/\/maricelenmoto.com\/wp-content\/uploads\/2019\/01\/015-vuelta-Embalse-Yesa.jpg\" alt=\"\" width=\"845\" height=\"566\" srcset=\"http:\/\/maricelenmoto.com\/wp-content\/uploads\/2019\/01\/015-vuelta-Embalse-Yesa.jpg 845w, http:\/\/maricelenmoto.com\/wp-content\/uploads\/2019\/01\/015-vuelta-Embalse-Yesa-300x201.jpg 300w, http:\/\/maricelenmoto.com\/wp-content\/uploads\/2019\/01\/015-vuelta-Embalse-Yesa-768x514.jpg 768w\" sizes=\"(max-width: 845px) 100vw, 845px\" \/><\/p>\n<p>Et de Barbastro \u00e0 Barcelone un peu ennuyeux, route en ligne droite, double voie et tr\u00e8s tr\u00e8s chaud&#8230;<\/p>\n<p>15h30 arriv\u00e9e \u00e0 Barcelone. Je descends de la moto, j\u2019enl\u00e8ve les gants, le casque, la veste\u2026 fin du voyage, j\u2019ai un peu mal aux fesses, au poignet droit, au cou, au dos\u2026 <strong>Et\u00a0les vacances sont finies\u2026<\/strong><\/p>\n<p style=\"text-align: center;\"><a href=\"https:\/\/www.google.fr\/maps\/dir\/Barcelone,+Espagne\/Perpignan\/Bordeaux\/La+Fl%C3%A8che\/Le+Mans\/La+Rochelle\/Asturias,+Espagne\/Pamplona,+Navarra,+Espagne\/Jaca,+Espagne\/Barcelone,+Espagne\/@45.0831165,-3.4888936,7z\/data=!4m62!4m61!1m5!1m1!1s0x12a49816718e30e5:0x44b0fb3d4f47660a!2m2!1d2.1734035!2d41.3850639!1m5!1m1!1s0x12b06e4e80fd88fd:0x1c83306520f2dd4f!2m2!1d2.8948332!2d42.6886591!1m5!1m1!1s0xd5527e8f751ca81:0x796386037b397a89!2m2!1d-0.57918!2d44.837789!1m5!1m1!1s0x48081e98be210aab:0x40d37521e0ac7e0!2m2!1d-0.074646!2d47.69589!1m5!1m1!1s0x47e288d214f3aa31:0x69025d4c6a7de07f!2m2!1d0.199556!2d48.00611!1m5!1m1!1s0x48015383c9253d75:0x405d39260ee9640!2m2!1d-1.151139!2d46.160329!1m5!1m1!1s0xd368cfa609eb09d:0xf8b5f32b7dc69e3a!2m2!1d-5.8593267!2d43.3613953!1m5!1m1!1s0xd5092f6fc10d411:0x4018c6508cef7f0!2m2!1d-1.6457745!2d42.8125211!1m5!1m1!1s0xd5780ec767847ed:0x196f61f8bc9a1be2!2m2!1d-0.5470554!2d42.5717166!1m5!1m1!1s0x12a49816718e30e5:0x44b0fb3d4f47660a!2m2!1d2.1734035!2d41.3850639!3e0?hl=fr\" target=\"_blank\" rel=\"noopener\"><img decoding=\"async\" loading=\"lazy\" class=\"aligncenter wp-image-153 size-full\" src=\"http:\/\/maricelenmoto.com\/wp-content\/uploads\/2019\/01\/2003-Primeras-Vacaciones.jpg\" alt=\"\" width=\"450\" height=\"450\" srcset=\"http:\/\/maricelenmoto.com\/wp-content\/uploads\/2019\/01\/2003-Primeras-Vacaciones.jpg 450w, http:\/\/maricelenmoto.com\/wp-content\/uploads\/2019\/01\/2003-Primeras-Vacaciones-150x150.jpg 150w, http:\/\/maricelenmoto.com\/wp-content\/uploads\/2019\/01\/2003-Primeras-Vacaciones-300x300.jpg 300w\" sizes=\"(max-width: 450px) 100vw, 450px\" \/><\/a><\/p>\n<p>Il me reste beaucoup de choses \u00e0 voir dans les Asturies, il faudra que j\u2019y retourne\u2026 peut-\u00eatre sur le chemin de la Galice\u00a0? J\u2019ai d\u00e9j\u00e0 quelques id\u00e9es de routes pour mes prochaines vacances, il ne reste plus qu\u2019\u00e0 savoir avec quelle moto\u2026<\/p>\n<p>Il ne me reste plus qu\u2019\u00e0 remercier tous ceux et celles qui m\u2019ont accompagn\u00e9e et tellement bien re\u00e7ue, pour tout ce que vous m\u2019avez fait d\u00e9couvrir en si peu de temps\u2026 entre autre, <strong>l\u2019hospitalit\u00e9 et l\u2019amiti\u00e9<\/strong>\u2026<\/p>\n<p>V&rsquo;s<\/p>","protected":false},"excerpt":{"rendered":"<p>C\u2019\u00e9tait mon premier \u201clong\u201d voyage en moto et seule; le voyage le plus long jusque&#8230;<\/p>\n","protected":false},"author":1,"featured_media":158,"comment_status":"open","ping_status":"open","sticky":false,"template":"","format":"standard","meta":{"sfsi_plus_gutenberg_text_before_share":"","sfsi_plus_gutenberg_show_text_before_share":"","sfsi_plus_gutenberg_icon_type":"","sfsi_plus_gutenberg_icon_alignemt":"","sfsi_plus_gutenburg_max_per_row":""},"categories":[35],"tags":[46,43,39,42],"_links":{"self":[{"href":"http:\/\/maricelenmoto.com\/fr\/wp-json\/wp\/v2\/posts\/152"}],"collection":[{"href":"http:\/\/maricelenmoto.com\/fr\/wp-json\/wp\/v2\/posts"}],"about":[{"href":"http:\/\/maricelenmoto.com\/fr\/wp-json\/wp\/v2\/types\/post"}],"author":[{"embeddable":true,"href":"http:\/\/maricelenmoto.com\/fr\/wp-json\/wp\/v2\/users\/1"}],"replies":[{"embeddable":true,"href":"http:\/\/maricelenmoto.com\/fr\/wp-json\/wp\/v2\/comments?post=152"}],"version-history":[{"count":9,"href":"http:\/\/maricelenmoto.com\/fr\/wp-json\/wp\/v2\/posts\/152\/revisions"}],"predecessor-version":[{"id":1141,"href":"http:\/\/maricelenmoto.com\/fr\/wp-json\/wp\/v2\/posts\/152\/revisions\/1141"}],"wp:featuredmedia":[{"embeddable":true,"href":"http:\/\/maricelenmoto.com\/fr\/wp-json\/wp\/v2\/media\/158"}],"wp:attachment":[{"href":"http:\/\/maricelenmoto.com\/fr\/wp-json\/wp\/v2\/media?parent=152"}],"wp:term":[{"taxonomy":"category","embeddable":true,"href":"http:\/\/maricelenmoto.com\/fr\/wp-json\/wp\/v2\/categories?post=152"},{"taxonomy":"post_tag","embeddable":true,"href":"http:\/\/maricelenmoto.com\/fr\/wp-json\/wp\/v2\/tags?post=152"}],"curies":[{"name":"wp","href":"https:\/\/api.w.org\/{rel}","templated":true}]}}