{"id":144,"date":"2003-06-12T13:56:59","date_gmt":"2003-06-12T12:56:59","guid":{"rendered":"http:\/\/maricelenmoto.com\/?p=144"},"modified":"2019-07-05T14:00:26","modified_gmt":"2019-07-05T13:00:26","slug":"despues-de-la-lluvia","status":"publish","type":"post","link":"http:\/\/maricelenmoto.com\/fr\/archivos\/144","title":{"rendered":"Apr\u00e8s la pluie&#8230;"},"content":{"rendered":"<p>Apr\u00e8s 50km \u00e0 rouler sous la pluie sur la Nationale coinc\u00e9e derri\u00e8re un camion, sans rien voir du paysage, et ayant laiss\u00e9 derri\u00e8re moi la vue sur les champs de coquelicots, j\u2019ai quitt\u00e9 la Nationale pour prendre une petite route en virages\u2026<\/p>\n<p>Et la pluie s\u2019est arr\u00eat\u00e9e\u2026<\/p>\n<p>Je laissais derri\u00e8re moi un ciel tr\u00e8s sombre pour aller vers le couchant que l\u2019on apercevait derri\u00e8re les nuages \u00e0 l\u2019horizon\u2026<\/p>\n<p>Alors j\u2019ai regard\u00e9 en arri\u00e8re et je me suis arr\u00eat\u00e9e\u2026<\/p>\n<p style=\"text-align: left;\">Et j\u2019ai vu cela\u2026<\/p>\n<p><img decoding=\"async\" loading=\"lazy\" class=\"aligncenter size-full wp-image-145\" src=\"http:\/\/maricelenmoto.com\/wp-content\/uploads\/2019\/01\/012-Despuesdelalluvia-Mayo03.jpg\" alt=\"\" width=\"800\" height=\"531\" srcset=\"http:\/\/maricelenmoto.com\/wp-content\/uploads\/2019\/01\/012-Despuesdelalluvia-Mayo03.jpg 800w, http:\/\/maricelenmoto.com\/wp-content\/uploads\/2019\/01\/012-Despuesdelalluvia-Mayo03-300x199.jpg 300w, http:\/\/maricelenmoto.com\/wp-content\/uploads\/2019\/01\/012-Despuesdelalluvia-Mayo03-768x510.jpg 768w\" sizes=\"(max-width: 800px) 100vw, 800px\" \/><\/p>\n<p><img decoding=\"async\" loading=\"lazy\" class=\"aligncenter size-full wp-image-146\" src=\"http:\/\/maricelenmoto.com\/wp-content\/uploads\/2019\/01\/013-Despuesdelalluvia-Mayo03.jpg\" alt=\"\" width=\"529\" height=\"800\" srcset=\"http:\/\/maricelenmoto.com\/wp-content\/uploads\/2019\/01\/013-Despuesdelalluvia-Mayo03.jpg 529w, http:\/\/maricelenmoto.com\/wp-content\/uploads\/2019\/01\/013-Despuesdelalluvia-Mayo03-198x300.jpg 198w\" sizes=\"(max-width: 529px) 100vw, 529px\" \/><\/p>\n<p style=\"text-align: left;\">L\u2019effort et l\u2019inconfort de ces derniers 50km valaient bien la peine pour pouvoir profiter de \u00e7a.<\/p>\n<p style=\"text-align: left;\">\u201cApr\u00e8s la pluie le beau temps\u201d\u2026<\/p>\n<p style=\"text-align: left;\">(Photos prises avec un appareil jetable, sur la route de Rodellar, Huesca, o\u00f9 j\u2019allais passer un week-end canyonning.)<\/p>\n<p style=\"text-align: left;\">Deux semaines plus tard je suis repass\u00e9e \u00e0 ce m\u00eame endroit pour un autre week-end canyonning, mais avec\u00a0des conditions climatiques plus favorables\u2026<\/p>\n<p><img decoding=\"async\" loading=\"lazy\" class=\"aligncenter size-full wp-image-147\" src=\"http:\/\/maricelenmoto.com\/wp-content\/uploads\/2019\/01\/014-Junio-2003.jpg\" alt=\"\" width=\"530\" height=\"800\" srcset=\"http:\/\/maricelenmoto.com\/wp-content\/uploads\/2019\/01\/014-Junio-2003.jpg 530w, http:\/\/maricelenmoto.com\/wp-content\/uploads\/2019\/01\/014-Junio-2003-199x300.jpg 199w\" sizes=\"(max-width: 530px) 100vw, 530px\" \/><\/p>\n<p><img decoding=\"async\" loading=\"lazy\" class=\"aligncenter size-full wp-image-148\" src=\"http:\/\/maricelenmoto.com\/wp-content\/uploads\/2019\/01\/015-Junio-2003.jpg\" alt=\"\" width=\"800\" height=\"536\" srcset=\"http:\/\/maricelenmoto.com\/wp-content\/uploads\/2019\/01\/015-Junio-2003.jpg 800w, http:\/\/maricelenmoto.com\/wp-content\/uploads\/2019\/01\/015-Junio-2003-300x201.jpg 300w, http:\/\/maricelenmoto.com\/wp-content\/uploads\/2019\/01\/015-Junio-2003-768x515.jpg 768w\" sizes=\"(max-width: 800px) 100vw, 800px\" \/><\/p>\n<p>V&rsquo;s<\/p>","protected":false},"excerpt":{"rendered":"<p>Apr\u00e8s 50km \u00e0 rouler sous la pluie sur la Nationale coinc\u00e9e derri\u00e8re un camion, sans&#8230;<\/p>\n","protected":false},"author":1,"featured_media":145,"comment_status":"open","ping_status":"open","sticky":false,"template":"","format":"standard","meta":{"sfsi_plus_gutenberg_text_before_share":"","sfsi_plus_gutenberg_show_text_before_share":"","sfsi_plus_gutenberg_icon_type":"","sfsi_plus_gutenberg_icon_alignemt":"","sfsi_plus_gutenburg_max_per_row":""},"categories":[36],"tags":[43,48],"_links":{"self":[{"href":"http:\/\/maricelenmoto.com\/fr\/wp-json\/wp\/v2\/posts\/144"}],"collection":[{"href":"http:\/\/maricelenmoto.com\/fr\/wp-json\/wp\/v2\/posts"}],"about":[{"href":"http:\/\/maricelenmoto.com\/fr\/wp-json\/wp\/v2\/types\/post"}],"author":[{"embeddable":true,"href":"http:\/\/maricelenmoto.com\/fr\/wp-json\/wp\/v2\/users\/1"}],"replies":[{"embeddable":true,"href":"http:\/\/maricelenmoto.com\/fr\/wp-json\/wp\/v2\/comments?post=144"}],"version-history":[{"count":4,"href":"http:\/\/maricelenmoto.com\/fr\/wp-json\/wp\/v2\/posts\/144\/revisions"}],"predecessor-version":[{"id":1138,"href":"http:\/\/maricelenmoto.com\/fr\/wp-json\/wp\/v2\/posts\/144\/revisions\/1138"}],"wp:featuredmedia":[{"embeddable":true,"href":"http:\/\/maricelenmoto.com\/fr\/wp-json\/wp\/v2\/media\/145"}],"wp:attachment":[{"href":"http:\/\/maricelenmoto.com\/fr\/wp-json\/wp\/v2\/media?parent=144"}],"wp:term":[{"taxonomy":"category","embeddable":true,"href":"http:\/\/maricelenmoto.com\/fr\/wp-json\/wp\/v2\/categories?post=144"},{"taxonomy":"post_tag","embeddable":true,"href":"http:\/\/maricelenmoto.com\/fr\/wp-json\/wp\/v2\/tags?post=144"}],"curies":[{"name":"wp","href":"https:\/\/api.w.org\/{rel}","templated":true}]}}