{"id":1370,"date":"2018-09-15T21:58:48","date_gmt":"2018-09-15T20:58:48","guid":{"rendered":"http:\/\/maricelenmoto.com\/?p=1370"},"modified":"2019-12-13T23:32:33","modified_gmt":"2019-12-13T23:32:33","slug":"nuestra-temporada-de-road-racing-2018","status":"publish","type":"post","link":"http:\/\/maricelenmoto.com\/fr\/archivos\/1370","title":{"rendered":"Notre saison de road racing 2018"},"content":{"rendered":"<p>La saison de road racing 2018 a \u00e9t\u00e9 rude. Nous avons perdu de tr\u00e8s bons pilotes et meilleurs personnes, et ce fut difficile \u00e0 accepter. Dans ces moments-l\u00e0 on se pose beaucoup de questions sur ce sport, la s\u00e9curit\u00e9, ces gars qui risquent leur vie pour leur passion.<\/p>\n<p>Quand je regarde mes photos, seulement depuis 2013, il y a d\u00e9j\u00e0 quelques personnes qui manquent, et cela me rend tellement triste que je n\u2019arrive plus \u00e0 les partager pour l\u2019instant.<\/p>\n<p>Je me suis aussi rendue compte que j\u2019ai surtout des photos des pilotes sur leur moto, et tr\u00e8s peu du paddock, la face humaine des road races. Juste parce que je ne veux pas d\u00e9ranger. Mais du coup je n\u2019ai pas non plus la partie des sourires heureux, le c\u00f4t\u00e9 passionn\u00e9 et heureux des road races.<\/p>\n<p>Parce que les road races ce n\u2019est pas seulement des gars et des filles qui font la course sur des routes, c\u2019est aussi l\u2019ambiance la plus sympa des courses. C\u2019est de \u00e7a qu\u2019on est tomb\u00e9s amoureux en 2013, et c\u2019est pour \u00e7a qu\u2019on y retourne.<\/p>\n<p>&nbsp;<\/p>\n<p>Notre saison 2018 \u00e0 nous a commenc\u00e9 \u00e0 Cookstown en avril, avec une Emma de 14 mois, qui marchait \u00e0 4 pattes partout, et essayait de marcher. Et basiquement voulait TOUT voir et TOUT toucher. Mais bon, on a voulu essayer\u2026<\/p>\n<p>Alors nous sommes partis de Cork le vendredi matin, avec dans l\u2019id\u00e9e d\u2019arriver \u00e0 Cookstown en d\u00e9but d\u2019apr\u00e8s-midi, et au moins faire un tour dans le paddock avant d\u2019aller \u00e0 l\u2019h\u00f4tel.<\/p>\n<p>Mais c\u2019est pas vraiment ce qu\u2019il s\u2019est pass\u00e9.<\/p>\n<p>Nous avons d\u00fb faire un premier arr\u00eat entre Cork et Dublin, et \u00e7a a pris plus de temps que pr\u00e9vu.<\/p>\n<p>Ensuite on a d\u00fb s\u2019arr\u00eater \u00e0 Dublin pour r\u00e9cup\u00e9rer un document, ce qui n\u2019\u00e9tait pas plus mal parce qu\u2019on avait besoin dudit document et Dublin \u00e9tait sur notre route, MAIS \u00e7a nous a pris plus de temps vu qu\u2019on a d\u00fb entrer dans Dublin au lieu d\u2019en faire le tour.<\/p>\n<p>De la fronti\u00e8re jusqu\u2019\u00e0 l\u2019h\u00f4tel, c\u2019\u00e9tait plut\u00f4t facile vu que c\u2019est de la route nationale tout du long. PAR CONTRE, notre GPS n\u2019arr\u00eatait pas de nous envoyer par des routes secondaires et on s\u2019est perdus. J\u2019ai d\u00fb sortir la carte\u00a0pour retrouver la route principale et j\u2019\u00e9tais sur le point de jeter le GPS par la fen\u00eatre.<\/p>\n<p style=\"text-align: left;\">Du coup on est finalement arriv\u00e9s \u00e0 l\u2019h\u00f4tel vers 17h30, SUPER fatigu\u00e9s, du coup on a d\u00e9cid\u00e9 de ne pas aller au paddock et de se reposer.<\/p>\n<p>&nbsp;<\/p>\n<p style=\"text-align: center;\"><img decoding=\"async\" loading=\"lazy\" class=\"aligncenter size-full wp-image-1376\" src=\"http:\/\/maricelenmoto.com\/wp-content\/uploads\/2019\/08\/002-Cookstown.jpg\" alt=\"\" width=\"476\" height=\"845\" srcset=\"http:\/\/maricelenmoto.com\/wp-content\/uploads\/2019\/08\/002-Cookstown.jpg 476w, http:\/\/maricelenmoto.com\/wp-content\/uploads\/2019\/08\/002-Cookstown-169x300.jpg 169w\" sizes=\"(max-width: 476px) 100vw, 476px\" \/><\/p>\n<p style=\"text-align: center;\"><img decoding=\"async\" loading=\"lazy\" class=\"aligncenter size-full wp-image-1375\" src=\"http:\/\/maricelenmoto.com\/wp-content\/uploads\/2019\/08\/001-Cookstown.jpg\" alt=\"\" width=\"845\" height=\"558\" srcset=\"http:\/\/maricelenmoto.com\/wp-content\/uploads\/2019\/08\/001-Cookstown.jpg 845w, http:\/\/maricelenmoto.com\/wp-content\/uploads\/2019\/08\/001-Cookstown-300x198.jpg 300w, http:\/\/maricelenmoto.com\/wp-content\/uploads\/2019\/08\/001-Cookstown-768x507.jpg 768w\" sizes=\"(max-width: 845px) 100vw, 845px\" \/><\/p>\n<p>&nbsp;<\/p>\n<p style=\"text-align: left;\">Le samedi, le petit-d\u00e9j\u2019 \u00e9tait \u00e0 08h, ce qui est tard pour un jour de courses, si on veut arriver t\u00f4t et se garer au plus pr\u00e8s du circuit.<\/p>\n<p>Donc nous sommes arriv\u00e9s trop tard et les routes \u00e9taient d\u00e9j\u00e0 ferm\u00e9es, c\u2019\u00e9tait plein \u00e0 craquer de voitures. On a finalement trouv\u00e9 pour se garer, mais vraiment loin du circuit, et vraiment pas id\u00e9al en cas \u00ab\u00a0d\u2019urgence\u00a0\u00bb pour une petite fille. On a donc tout pris avec nous. Pour quelque raison \u00e9trange, nous n\u2019\u00e9tions pas pr\u00e9par\u00e9s pour \u00e7a (c\u2019est pourtant pas notre premi\u00e8re road race\u00a0!). Et nous avons donc fini avec nos bras pleins de sacs de commissions\u2026 ce qui n\u2019est pas franchement pratique quand on doit courir entre deux champs entre 2 courses\u00a0!<\/p>\n<p>Nous avons finalement march\u00e9 jusqu\u2019au circuit, et avons pris place sur les gradins en face du pub. Mais c\u2019\u00e9tait d\u00e9j\u00e0 plein, et donc on ne pouvait pas se lever parce que les gens derri\u00e8re n\u2019y verraient rien. Alors nous sommes rest\u00e9s assis pendant la course, avec Juan super nerveux parce qu\u2019il avait peur que Emma tombe, et donc nous n\u2019avons rien vu (quelques casques passer au dessus des haies\u2026) .<\/p>\n<p>Alors pour la deuxi\u00e8me course nous avons laiss\u00e9 cette tribune et voulions aller \u00e0 une autre o\u00f9 nous \u00e9tions aussi all\u00e9s la derni\u00e8re fois. M\u00eame si elle est loin du pub en cas de besoin (changer une couche, r\u00e9chauffer un biberon\u2026). Mais quand nous sommes arriv\u00e9s \u00e0 la barri\u00e8re, la course allait commencer, et nous avons donc attendu la fin de la course dans le champ.<\/p>\n<p>On a mis par terre notre b\u00e2che imperm\u00e9able avec toutes nos affaires dessus. Emma voulait marcher \u00e0 4 pattes sur la pelouse mouill\u00e9e, et j\u2019ai pass\u00e9 toute la course \u00e0 essayer de l\u2019en emp\u00eacher\u2026 J\u2019ai donc aussi loup\u00e9 la deuxi\u00e8me course. :O)<\/p>\n<p>Et puis il a commenc\u00e9 \u00e0 pleuvoir. Nous nous sommes assis sur la b\u00e2che sous notre parapluie, et avons attendu que \u00e7a s\u2019arr\u00eate. Les courses n\u2019avaient pas repris.<\/p>\n<p>Apr\u00e8s un moment d\u2019attente, avant la 3<sup>\u00e8me<\/sup> course, nous avons pens\u00e9 que ce serait peut-\u00eatre une meilleure id\u00e9e d\u2019abandonner l\u2019id\u00e9e de voir des courses, et de rentrer \u00e0 l\u2019h\u00f4tel\u2026<\/p>\n<p>Ce ne fut pas simple de sortir la voiture de l\u00e0 o\u00f9 nous \u00e9tions gar\u00e9s, car il y avait des voitures gar\u00e9es des 2 c\u00f4t\u00e9s de la route (d\u00e9j\u00e0 pas large), et avec des voitures qui continuaient \u00e0 arriver. C\u2019\u00e9tait plut\u00f4t positif pour le Club, mais malheureusement ils ont eu de nombreuses averses toute la journ\u00e9e, et ils ont d\u00fb arr\u00eater les courses apr\u00e8s quelques drapeaux rouges et des conditions m\u00e9t\u00e9os qui empiraient, avant d\u2019avoir pu compl\u00e9ter le programme.<\/p>\n<p>Pour notre part, nous sommes rentr\u00e9s au village et \u00e0 l\u2019h\u00f4tel, avons pris un caf\u00e9\/th\u00e9 avec de bons g\u00e2teaux, et avons donn\u00e9 \u00e0 manger \u00e0 Emma. Puis nous avons d\u00e9ambul\u00e9 dans le village, avons fait la sieste, avons pris le d\u00eener t\u00f4t, et avons essay\u00e9 de dormir, ce qui ne fut pas facile vu qu\u2019il y avait une super fiesta dans le pub et notre chambre donnait juste au dessus\u2026 Vers 23h30 ils nous ont finalement donn\u00e9 une autre chambre plus calme et nous avons pu dormir\u2026<\/p>\n<p>&nbsp;<\/p>\n<p>Donc en r\u00e9sum\u00e9, nous n\u2019avons pas vu une seule course mais avons beaucoup appris ce qu\u2019il ne faut PAS faire quand on va voir une road race avec une petite fille. La p\u00e9riode pr\u00e9-marche n\u2019est pas forc\u00e9ment le mieux. Nous serons mieux pr\u00e9par\u00e9s la prochaine fois avec un bon vieux sac \u00e0 dos, pas des sacs de courses\u2026 On essaiera d\u2019arriver plus t\u00f4t, si possible, et sinon nous regarderons \u00e0 l\u2019avance o\u00f9 se garer sans se retrouver coinc\u00e9s dans le circuit.<\/p>\n<p>La prochaine fois nous prendrons un B&amp;B, pas un pub avec des chambres, ce n\u2019est pas la premi\u00e8re fois que \u00e7a nous arrive en plus, on dirait qu\u2019on est durs durs de la comprenette\u00a0!!! lol<\/p>\n<p>&nbsp;<\/p>\n<p>Apr\u00e8s cette courte exp\u00e9rience, les mois de Mai et Juin sont pass\u00e9s, avec la NW200 et le TT, et nous avions pens\u00e9 aller \u00e0 Skerries mais nous n\u2019avons pas pu finalement. Entre le TT, Skerries et la Southern 100 nous avons perdus plusieurs pilotes des plus iconiques. Ce fut une difficile s\u00e9rie pour la communaut\u00e9 des road races.<\/p>\n<p>&nbsp;<\/p>\n<p>Nous n\u2019avons pas pu non plus aller \u00e0 Walderstown, qui est assez loin et nous n\u2019\u00e9tions pas encore pr\u00eats. Mais nous avons \u00ab\u00a0tent\u00e9 l\u2019aventure\u00a0\u00bb pour Faugheen, le week-end du 21-22 juillet. C\u2019\u00e9tait la road race la plus proche de chez nous.<\/p>\n<p>Nous sommes partis le dimanche matin, il faisait assez chaud comme tout le mois de juillet. Emma s\u2019est endormie seulement 30mn avant qu\u2019on arrive.<\/p>\n<p>Quand nous sommes arriv\u00e9s la route \u00e9tait ferm\u00e9e mais on pouvait encore marcher autour du circuit. Le plus de la journ\u00e9e, quand on se balade avec un enfant de 16 mois, c\u2019est que depuis le parking, on pouvait acc\u00e9der \u00e0 plusieurs points de vue et au paddock sans avoir \u00e0 passer sur la route, en passant par les champs, ce qui est VRAIMENT pratique avec une poussette et une enfant \u00e0 moiti\u00e9 endormie\u00a0! Un grand merci au Club et aux proprios des champs pour cette possibilit\u00e9.<\/p>\n<p>Nous sommes arriv\u00e9s suffisamment t\u00f4t pour trouver un espace dans l\u2019une des remorques de camion dans le champ \u00e0 c\u00f4t\u00e9 du paddock. Pendant que nous attendions que les courses commencent, nous descendions Emma chacun notre tour pour qu\u2019elle fasse un peu de marche dans le champ et pour la tenir occup\u00e9e avec le programme (elle aime beaucoup lire des magazines moto). Nous avons aussi mang\u00e9 notre repas assez t\u00f4t.<\/p>\n<p>Les courses ont commenc\u00e9 un peu en retard, nous avons appris plus tard qu\u2019un homme a fait un arr\u00eat cardiaque dans le paddock at a eu la chance d\u2019\u00eatre pris en charge par l\u2019\u00e9quipe m\u00e9dicale.<\/p>\n<p>Les courses ont finalement commenc\u00e9. Et la premi\u00e8re \u00e9tait vraiment excitante, nous en avons bien profit\u00e9 apr\u00e8s un si long break\u00a0! Nous avons regard\u00e9 la course, et j\u2019ai pris plein de photos, tellement que j\u2019ai pas beaucoup vu la course en soi. Derek Mc Gee a gagn\u00e9 (comme si souvent cette saison) et on a eu droit \u00e0 de belles roue arri\u00e8re de Derek et Brian Mc Cormack.<\/p>\n<p style=\"text-align: center;\">Brian Mc Cormack<\/p>\n<p style=\"text-align: center;\"><img decoding=\"async\" loading=\"lazy\" class=\"aligncenter size-full wp-image-1402\" src=\"http:\/\/maricelenmoto.com\/wp-content\/uploads\/2019\/08\/003-BrianMcCormack.jpg\" alt=\"\" width=\"561\" height=\"845\" srcset=\"http:\/\/maricelenmoto.com\/wp-content\/uploads\/2019\/08\/003-BrianMcCormack.jpg 561w, http:\/\/maricelenmoto.com\/wp-content\/uploads\/2019\/08\/003-BrianMcCormack-199x300.jpg 199w\" sizes=\"(max-width: 561px) 100vw, 561px\" \/><\/p>\n<p style=\"text-align: center;\">Davey Todd<\/p>\n<p style=\"text-align: center;\"><img decoding=\"async\" loading=\"lazy\" class=\"aligncenter size-full wp-image-1401\" src=\"http:\/\/maricelenmoto.com\/wp-content\/uploads\/2019\/08\/004-Davey-Todd.jpg\" alt=\"\" width=\"619\" height=\"845\" srcset=\"http:\/\/maricelenmoto.com\/wp-content\/uploads\/2019\/08\/004-Davey-Todd.jpg 619w, http:\/\/maricelenmoto.com\/wp-content\/uploads\/2019\/08\/004-Davey-Todd-220x300.jpg 220w\" sizes=\"(max-width: 619px) 100vw, 619px\" \/><\/p>\n<p style=\"text-align: center;\">Micko Sweeney<\/p>\n<p style=\"text-align: center;\"><img decoding=\"async\" loading=\"lazy\" class=\"aligncenter size-full wp-image-1400\" src=\"http:\/\/maricelenmoto.com\/wp-content\/uploads\/2019\/08\/005-DaveyTood-MickoSweeney.jpg\" alt=\"\" width=\"561\" height=\"845\" srcset=\"http:\/\/maricelenmoto.com\/wp-content\/uploads\/2019\/08\/005-DaveyTood-MickoSweeney.jpg 561w, http:\/\/maricelenmoto.com\/wp-content\/uploads\/2019\/08\/005-DaveyTood-MickoSweeney-199x300.jpg 199w\" sizes=\"(max-width: 561px) 100vw, 561px\" \/><\/p>\n<p style=\"text-align: center;\">Thomas Maxwell<\/p>\n<p style=\"text-align: center;\"><img decoding=\"async\" loading=\"lazy\" class=\"aligncenter size-full wp-image-1399\" src=\"http:\/\/maricelenmoto.com\/wp-content\/uploads\/2019\/08\/006-ThomasMaxwell-PaulJordan.jpg\" alt=\"\" width=\"602\" height=\"845\" srcset=\"http:\/\/maricelenmoto.com\/wp-content\/uploads\/2019\/08\/006-ThomasMaxwell-PaulJordan.jpg 602w, http:\/\/maricelenmoto.com\/wp-content\/uploads\/2019\/08\/006-ThomasMaxwell-PaulJordan-214x300.jpg 214w\" sizes=\"(max-width: 602px) 100vw, 602px\" \/><\/p>\n<p style=\"text-align: center;\">Paul Jordan<\/p>\n<p style=\"text-align: center;\"><img decoding=\"async\" loading=\"lazy\" class=\"aligncenter size-full wp-image-1398\" src=\"http:\/\/maricelenmoto.com\/wp-content\/uploads\/2019\/08\/007-PaulJordan.jpg\" alt=\"\" width=\"596\" height=\"845\" srcset=\"http:\/\/maricelenmoto.com\/wp-content\/uploads\/2019\/08\/007-PaulJordan.jpg 596w, http:\/\/maricelenmoto.com\/wp-content\/uploads\/2019\/08\/007-PaulJordan-212x300.jpg 212w\" sizes=\"(max-width: 596px) 100vw, 596px\" \/><\/p>\n<p style=\"text-align: center;\">Kevin Fitzpatrick<\/p>\n<p style=\"text-align: center;\"><img decoding=\"async\" loading=\"lazy\" class=\"aligncenter size-full wp-image-1397\" src=\"http:\/\/maricelenmoto.com\/wp-content\/uploads\/2019\/08\/008-Kevin-Fitzpatrick.jpg\" alt=\"\" width=\"600\" height=\"845\" srcset=\"http:\/\/maricelenmoto.com\/wp-content\/uploads\/2019\/08\/008-Kevin-Fitzpatrick.jpg 600w, http:\/\/maricelenmoto.com\/wp-content\/uploads\/2019\/08\/008-Kevin-Fitzpatrick-213x300.jpg 213w\" sizes=\"(max-width: 600px) 100vw, 600px\" \/><\/p>\n<p style=\"text-align: center;\">Forest Dunn<\/p>\n<p style=\"text-align: center;\"><img decoding=\"async\" loading=\"lazy\" class=\"aligncenter size-full wp-image-1396\" src=\"http:\/\/maricelenmoto.com\/wp-content\/uploads\/2019\/08\/009-Forest-Dunn.jpg\" alt=\"\" width=\"845\" height=\"563\" srcset=\"http:\/\/maricelenmoto.com\/wp-content\/uploads\/2019\/08\/009-Forest-Dunn.jpg 845w, http:\/\/maricelenmoto.com\/wp-content\/uploads\/2019\/08\/009-Forest-Dunn-300x200.jpg 300w, http:\/\/maricelenmoto.com\/wp-content\/uploads\/2019\/08\/009-Forest-Dunn-768x512.jpg 768w\" sizes=\"(max-width: 845px) 100vw, 845px\" \/><\/p>\n<p style=\"text-align: center;\">Paul Fallon &amp; Damian Horan<\/p>\n<p style=\"text-align: center;\"><img decoding=\"async\" loading=\"lazy\" class=\"aligncenter size-full wp-image-1395\" src=\"http:\/\/maricelenmoto.com\/wp-content\/uploads\/2019\/08\/010-PaulFallon-DamianHoran.jpg\" alt=\"\" width=\"620\" height=\"845\" srcset=\"http:\/\/maricelenmoto.com\/wp-content\/uploads\/2019\/08\/010-PaulFallon-DamianHoran.jpg 620w, http:\/\/maricelenmoto.com\/wp-content\/uploads\/2019\/08\/010-PaulFallon-DamianHoran-220x300.jpg 220w\" sizes=\"(max-width: 620px) 100vw, 620px\" \/><\/p>\n<p style=\"text-align: center;\">Dave Murphy<\/p>\n<p style=\"text-align: center;\"><img decoding=\"async\" loading=\"lazy\" class=\"aligncenter size-full wp-image-1394\" src=\"http:\/\/maricelenmoto.com\/wp-content\/uploads\/2019\/08\/011-DaveMurphy.jpg\" alt=\"\" width=\"582\" height=\"845\" srcset=\"http:\/\/maricelenmoto.com\/wp-content\/uploads\/2019\/08\/011-DaveMurphy.jpg 582w, http:\/\/maricelenmoto.com\/wp-content\/uploads\/2019\/08\/011-DaveMurphy-207x300.jpg 207w\" sizes=\"(max-width: 582px) 100vw, 582px\" \/><\/p>\n<p style=\"text-align: center;\">Noel Carroll<\/p>\n<p style=\"text-align: center;\"><img decoding=\"async\" loading=\"lazy\" class=\"aligncenter size-full wp-image-1393\" src=\"http:\/\/maricelenmoto.com\/wp-content\/uploads\/2019\/08\/012-Noel-Carroll.jpg\" alt=\"\" width=\"621\" height=\"845\" srcset=\"http:\/\/maricelenmoto.com\/wp-content\/uploads\/2019\/08\/012-Noel-Carroll.jpg 621w, http:\/\/maricelenmoto.com\/wp-content\/uploads\/2019\/08\/012-Noel-Carroll-220x300.jpg 220w\" sizes=\"(max-width: 621px) 100vw, 621px\" \/><\/p>\n<p style=\"text-align: center;\">Derek Mc Gee<\/p>\n<p style=\"text-align: center;\"><img decoding=\"async\" loading=\"lazy\" class=\"aligncenter size-full wp-image-1392\" src=\"http:\/\/maricelenmoto.com\/wp-content\/uploads\/2019\/08\/013-DerekMcGee.jpg\" alt=\"\" width=\"845\" height=\"583\" srcset=\"http:\/\/maricelenmoto.com\/wp-content\/uploads\/2019\/08\/013-DerekMcGee.jpg 845w, http:\/\/maricelenmoto.com\/wp-content\/uploads\/2019\/08\/013-DerekMcGee-300x207.jpg 300w, http:\/\/maricelenmoto.com\/wp-content\/uploads\/2019\/08\/013-DerekMcGee-768x530.jpg 768w\" sizes=\"(max-width: 845px) 100vw, 845px\" \/><\/p>\n<p style=\"text-align: center;\">Davey Todd<\/p>\n<p style=\"text-align: center;\"><img decoding=\"async\" loading=\"lazy\" class=\"aligncenter size-full wp-image-1391\" src=\"http:\/\/maricelenmoto.com\/wp-content\/uploads\/2019\/08\/014-DaveyTodd-MickoSweeney.jpg\" alt=\"\" width=\"845\" height=\"554\" srcset=\"http:\/\/maricelenmoto.com\/wp-content\/uploads\/2019\/08\/014-DaveyTodd-MickoSweeney.jpg 845w, http:\/\/maricelenmoto.com\/wp-content\/uploads\/2019\/08\/014-DaveyTodd-MickoSweeney-300x197.jpg 300w, http:\/\/maricelenmoto.com\/wp-content\/uploads\/2019\/08\/014-DaveyTodd-MickoSweeney-768x504.jpg 768w\" sizes=\"(max-width: 845px) 100vw, 845px\" \/><\/p>\n<p style=\"text-align: center;\">Kevin Fitzpatrick<\/p>\n<p style=\"text-align: center;\"><img decoding=\"async\" loading=\"lazy\" class=\"aligncenter size-full wp-image-1390\" src=\"http:\/\/maricelenmoto.com\/wp-content\/uploads\/2019\/08\/015-KevinFitzpatrick.jpg\" alt=\"\" width=\"845\" height=\"484\" srcset=\"http:\/\/maricelenmoto.com\/wp-content\/uploads\/2019\/08\/015-KevinFitzpatrick.jpg 845w, http:\/\/maricelenmoto.com\/wp-content\/uploads\/2019\/08\/015-KevinFitzpatrick-300x172.jpg 300w, http:\/\/maricelenmoto.com\/wp-content\/uploads\/2019\/08\/015-KevinFitzpatrick-768x440.jpg 768w\" sizes=\"(max-width: 845px) 100vw, 845px\" \/><\/p>\n<p style=\"text-align: center;\">Dave Murphy<\/p>\n<p style=\"text-align: center;\"><img decoding=\"async\" loading=\"lazy\" class=\"aligncenter size-full wp-image-1388\" src=\"http:\/\/maricelenmoto.com\/wp-content\/uploads\/2019\/08\/017-DaveMurphy.jpg\" alt=\"\" width=\"845\" height=\"515\" srcset=\"http:\/\/maricelenmoto.com\/wp-content\/uploads\/2019\/08\/017-DaveMurphy.jpg 845w, http:\/\/maricelenmoto.com\/wp-content\/uploads\/2019\/08\/017-DaveMurphy-300x183.jpg 300w, http:\/\/maricelenmoto.com\/wp-content\/uploads\/2019\/08\/017-DaveMurphy-768x468.jpg 768w\" sizes=\"(max-width: 845px) 100vw, 845px\" \/><\/p>\n<p style=\"text-align: center;\">Derek Mc Gee<\/p>\n<p style=\"text-align: center;\"><img decoding=\"async\" loading=\"lazy\" class=\"aligncenter size-full wp-image-1387\" src=\"http:\/\/maricelenmoto.com\/wp-content\/uploads\/2019\/08\/018-DerekMcGee.jpg\" alt=\"\" width=\"845\" height=\"561\" srcset=\"http:\/\/maricelenmoto.com\/wp-content\/uploads\/2019\/08\/018-DerekMcGee.jpg 845w, http:\/\/maricelenmoto.com\/wp-content\/uploads\/2019\/08\/018-DerekMcGee-300x199.jpg 300w, http:\/\/maricelenmoto.com\/wp-content\/uploads\/2019\/08\/018-DerekMcGee-768x510.jpg 768w\" sizes=\"(max-width: 845px) 100vw, 845px\" \/><\/p>\n<p style=\"text-align: center;\">Brian Mc Cormack<\/p>\n<p style=\"text-align: center;\"><img decoding=\"async\" loading=\"lazy\" class=\"aligncenter size-full wp-image-1386\" src=\"http:\/\/maricelenmoto.com\/wp-content\/uploads\/2019\/08\/019-BrianMcCormack.jpg\" alt=\"\" width=\"845\" height=\"469\" srcset=\"http:\/\/maricelenmoto.com\/wp-content\/uploads\/2019\/08\/019-BrianMcCormack.jpg 845w, http:\/\/maricelenmoto.com\/wp-content\/uploads\/2019\/08\/019-BrianMcCormack-300x167.jpg 300w, http:\/\/maricelenmoto.com\/wp-content\/uploads\/2019\/08\/019-BrianMcCormack-768x426.jpg 768w\" sizes=\"(max-width: 845px) 100vw, 845px\" \/><\/p>\n<p style=\"text-align: center;\">Thomas Maxwell<\/p>\n<p style=\"text-align: center;\"><img decoding=\"async\" loading=\"lazy\" class=\"aligncenter size-full wp-image-1385\" src=\"http:\/\/maricelenmoto.com\/wp-content\/uploads\/2019\/08\/020-Thomas-Maxwell.jpg\" alt=\"\" width=\"845\" height=\"561\" srcset=\"http:\/\/maricelenmoto.com\/wp-content\/uploads\/2019\/08\/020-Thomas-Maxwell.jpg 845w, http:\/\/maricelenmoto.com\/wp-content\/uploads\/2019\/08\/020-Thomas-Maxwell-300x199.jpg 300w, http:\/\/maricelenmoto.com\/wp-content\/uploads\/2019\/08\/020-Thomas-Maxwell-768x510.jpg 768w\" sizes=\"(max-width: 845px) 100vw, 845px\" \/><\/p>\n<p style=\"text-align: center;\">Kevin Fitzpatrick<\/p>\n<p style=\"text-align: center;\"><img decoding=\"async\" loading=\"lazy\" class=\"aligncenter size-full wp-image-1384\" src=\"http:\/\/maricelenmoto.com\/wp-content\/uploads\/2019\/08\/021-KevinFitzpatrick.jpg\" alt=\"\" width=\"845\" height=\"543\" srcset=\"http:\/\/maricelenmoto.com\/wp-content\/uploads\/2019\/08\/021-KevinFitzpatrick.jpg 845w, http:\/\/maricelenmoto.com\/wp-content\/uploads\/2019\/08\/021-KevinFitzpatrick-300x193.jpg 300w, http:\/\/maricelenmoto.com\/wp-content\/uploads\/2019\/08\/021-KevinFitzpatrick-768x494.jpg 768w\" sizes=\"(max-width: 845px) 100vw, 845px\" \/><\/p>\n<p style=\"text-align: center;\">Thomas Maxwell<\/p>\n<p style=\"text-align: center;\"><img decoding=\"async\" loading=\"lazy\" class=\"aligncenter size-full wp-image-1383\" src=\"http:\/\/maricelenmoto.com\/wp-content\/uploads\/2019\/08\/022-ThomasMaxwell.jpg\" alt=\"\" width=\"845\" height=\"419\" srcset=\"http:\/\/maricelenmoto.com\/wp-content\/uploads\/2019\/08\/022-ThomasMaxwell.jpg 845w, http:\/\/maricelenmoto.com\/wp-content\/uploads\/2019\/08\/022-ThomasMaxwell-300x149.jpg 300w, http:\/\/maricelenmoto.com\/wp-content\/uploads\/2019\/08\/022-ThomasMaxwell-768x381.jpg 768w\" sizes=\"(max-width: 845px) 100vw, 845px\" \/><\/p>\n<p style=\"text-align: center;\">Thomas Maxwell &amp; Paul Jordan<\/p>\n<p style=\"text-align: center;\"><img decoding=\"async\" loading=\"lazy\" class=\"aligncenter size-full wp-image-1382\" src=\"http:\/\/maricelenmoto.com\/wp-content\/uploads\/2019\/08\/023-ThomasMaxwell-PaulJordan.jpg\" alt=\"\" width=\"845\" height=\"453\" srcset=\"http:\/\/maricelenmoto.com\/wp-content\/uploads\/2019\/08\/023-ThomasMaxwell-PaulJordan.jpg 845w, http:\/\/maricelenmoto.com\/wp-content\/uploads\/2019\/08\/023-ThomasMaxwell-PaulJordan-300x161.jpg 300w, http:\/\/maricelenmoto.com\/wp-content\/uploads\/2019\/08\/023-ThomasMaxwell-PaulJordan-768x412.jpg 768w\" sizes=\"(max-width: 845px) 100vw, 845px\" \/><\/p>\n<p style=\"text-align: center;\">Micko Sweeney<\/p>\n<p style=\"text-align: center;\"><img decoding=\"async\" loading=\"lazy\" class=\"aligncenter size-full wp-image-1381\" src=\"http:\/\/maricelenmoto.com\/wp-content\/uploads\/2019\/08\/024-MickoSweeney.jpg\" alt=\"\" width=\"845\" height=\"478\" srcset=\"http:\/\/maricelenmoto.com\/wp-content\/uploads\/2019\/08\/024-MickoSweeney.jpg 845w, http:\/\/maricelenmoto.com\/wp-content\/uploads\/2019\/08\/024-MickoSweeney-300x170.jpg 300w, http:\/\/maricelenmoto.com\/wp-content\/uploads\/2019\/08\/024-MickoSweeney-768x434.jpg 768w\" sizes=\"(max-width: 845px) 100vw, 845px\" \/><\/p>\n<p style=\"text-align: center;\">Brian Mc Cormack<\/p>\n<p style=\"text-align: center;\"><img decoding=\"async\" loading=\"lazy\" class=\"aligncenter size-full wp-image-1380\" src=\"http:\/\/maricelenmoto.com\/wp-content\/uploads\/2019\/08\/025-BrianMcCormack.jpg\" alt=\"\" width=\"510\" height=\"845\" srcset=\"http:\/\/maricelenmoto.com\/wp-content\/uploads\/2019\/08\/025-BrianMcCormack.jpg 510w, http:\/\/maricelenmoto.com\/wp-content\/uploads\/2019\/08\/025-BrianMcCormack-181x300.jpg 181w\" sizes=\"(max-width: 510px) 100vw, 510px\" \/><\/p>\n<p style=\"text-align: center;\"><img decoding=\"async\" loading=\"lazy\" class=\"aligncenter wp-image-1377\" src=\"http:\/\/maricelenmoto.com\/wp-content\/uploads\/2019\/08\/027-BrianMcCormack.jpg\" alt=\"\" width=\"493\" height=\"845\" srcset=\"http:\/\/maricelenmoto.com\/wp-content\/uploads\/2019\/08\/027-BrianMcCormack.jpg 845w, http:\/\/maricelenmoto.com\/wp-content\/uploads\/2019\/08\/027-BrianMcCormack-175x300.jpg 175w, http:\/\/maricelenmoto.com\/wp-content\/uploads\/2019\/08\/027-BrianMcCormack-768x1315.jpg 768w, http:\/\/maricelenmoto.com\/wp-content\/uploads\/2019\/08\/027-BrianMcCormack-598x1024.jpg 598w\" sizes=\"(max-width: 493px) 100vw, 493px\" \/><\/p>\n<p style=\"text-align: center;\">Derek Mc Gee<\/p>\n<p style=\"text-align: center;\"><img decoding=\"async\" loading=\"lazy\" class=\"aligncenter size-full wp-image-1379\" src=\"http:\/\/maricelenmoto.com\/wp-content\/uploads\/2019\/08\/026-Derek-McGee.jpg\" alt=\"\" width=\"561\" height=\"845\" srcset=\"http:\/\/maricelenmoto.com\/wp-content\/uploads\/2019\/08\/026-Derek-McGee.jpg 561w, http:\/\/maricelenmoto.com\/wp-content\/uploads\/2019\/08\/026-Derek-McGee-199x300.jpg 199w\" sizes=\"(max-width: 561px) 100vw, 561px\" \/><\/p>\n<p style=\"text-align: center;\"><img decoding=\"async\" loading=\"lazy\" class=\"aligncenter size-full wp-image-1378\" src=\"http:\/\/maricelenmoto.com\/wp-content\/uploads\/2019\/08\/026-DerekMcGee.jpg\" alt=\"\" width=\"540\" height=\"845\" srcset=\"http:\/\/maricelenmoto.com\/wp-content\/uploads\/2019\/08\/026-DerekMcGee.jpg 540w, http:\/\/maricelenmoto.com\/wp-content\/uploads\/2019\/08\/026-DerekMcGee-192x300.jpg 192w\" sizes=\"(max-width: 540px) 100vw, 540px\" \/><\/p>\n<p>Je crois qu\u2019Emma a bien aim\u00e9 aussi, mais il commen\u00e7ait \u00e0 faire vraiment chaud, avec le soleil maintenant en face, et pas d\u2019air qui circulait dans la remorque.<\/p>\n<p>Nous avons donc d\u00e9cid\u00e9 de faire un tour sur le paddock et voir si Emma faisait une petite sieste dans la poussette.<\/p>\n<p>Pendant la course de 125cc nous sommes all\u00e9s sur le paddock, avons renouvel\u00e9 notre tee-shirt de \u201cI Support Faugheen 50\u201d, avons fait le tour des tentes des pilotes, et avons suivi un peu de la course suivante depuis une barri\u00e8re o\u00f9 on ne voyait pas beaucoup, mais qu\u2019est-ce qu\u2019ils \u00e9taient rapides\u00a0!<\/p>\n<p>On ne s\u2019en rappelait plus, depuis 2016 qu\u2019on n\u2019avait pas vu de courses depuis un point de vue \u00ab\u00a0rapide\u00a0\u00bb.<\/p>\n<p>Il commen\u00e7ait \u00e0 faire vraiment chaud, et Emma \u00e9tait grognon et avait besoin de dormir, alors nous sommes retourn\u00e9s au parking par les champs et apr\u00e8s avoir fait un petit tour des motos des spectateurs gar\u00e9es sur le parking (et un side-car), nous sommes partis.<\/p>\n<p>Ce fut une journ\u00e9e de courses courtes, mais nous \u00e9tions contents d\u2019avoir pu voir une course de nouveau. Et nous avons am\u00e9lior\u00e9 la performance de Cookstown\u00a0\ud83d\ude09<\/p>\n<p>&nbsp;<\/p>\n<p>Pour l\u2019ann\u00e9e prochaine, il faudra qu\u2019on trouve le moyen de s\u2019organiser pour aller \u00e0 plus d\u2019une course, et aussi pour \u00e9ventuellement voir une ou plusieurs courses une fois sur place ! \ud83d\ude09<\/p>\n<p>Mais Emma sera plus grande, on aura sans doute plus de biberon, avec un peu de chance plus de couches\u2026 et elle mangera plus comme nous, alors ce devrait \u00eatre plus facile d\u2019un point de vue logistique.<\/p>\n<p>Cette ann\u00e9e nous n\u2019avons pas non plus rencontr\u00e9 aucun pilote, en esp\u00e9rant am\u00e9liorer \u00e7a aussi pour l\u2019an prochain\u00a0! C\u2019est quand m\u00eame sympa quand on peut discutailler avec eux\/elles.<\/p>\n<p>&nbsp;<\/p>\n<p>La saison 2018 a \u00e9t\u00e9 rude pour les Pilotes et pour les Clubs organisateurs. Elle vient de se terminer maintenant avec le East Coast Motorbike Festival \u00e0 Killalane qui a heureusement termin\u00e9 la saison sans incident.<\/p>\n<p>Pour une saison 2019 bien meilleure\u00a0! En esp\u00e9rant pouvoir en profiter un peu plus\u00a0!<\/p>\n<p>&nbsp;<\/p>","protected":false},"excerpt":{"rendered":"<p>La saison de road racing 2018 a \u00e9t\u00e9 rude. Nous avons perdu de tr\u00e8s bons&#8230;<\/p>\n","protected":false},"author":1,"featured_media":1387,"comment_status":"open","ping_status":"open","sticky":false,"template":"","format":"standard","meta":{"sfsi_plus_gutenberg_text_before_share":"","sfsi_plus_gutenberg_show_text_before_share":"","sfsi_plus_gutenberg_icon_type":"","sfsi_plus_gutenberg_icon_alignemt":"","sfsi_plus_gutenburg_max_per_row":""},"categories":[3],"tags":[64,66],"_links":{"self":[{"href":"http:\/\/maricelenmoto.com\/fr\/wp-json\/wp\/v2\/posts\/1370"}],"collection":[{"href":"http:\/\/maricelenmoto.com\/fr\/wp-json\/wp\/v2\/posts"}],"about":[{"href":"http:\/\/maricelenmoto.com\/fr\/wp-json\/wp\/v2\/types\/post"}],"author":[{"embeddable":true,"href":"http:\/\/maricelenmoto.com\/fr\/wp-json\/wp\/v2\/users\/1"}],"replies":[{"embeddable":true,"href":"http:\/\/maricelenmoto.com\/fr\/wp-json\/wp\/v2\/comments?post=1370"}],"version-history":[{"count":19,"href":"http:\/\/maricelenmoto.com\/fr\/wp-json\/wp\/v2\/posts\/1370\/revisions"}],"predecessor-version":[{"id":1429,"href":"http:\/\/maricelenmoto.com\/fr\/wp-json\/wp\/v2\/posts\/1370\/revisions\/1429"}],"wp:featuredmedia":[{"embeddable":true,"href":"http:\/\/maricelenmoto.com\/fr\/wp-json\/wp\/v2\/media\/1387"}],"wp:attachment":[{"href":"http:\/\/maricelenmoto.com\/fr\/wp-json\/wp\/v2\/media?parent=1370"}],"wp:term":[{"taxonomy":"category","embeddable":true,"href":"http:\/\/maricelenmoto.com\/fr\/wp-json\/wp\/v2\/categories?post=1370"},{"taxonomy":"post_tag","embeddable":true,"href":"http:\/\/maricelenmoto.com\/fr\/wp-json\/wp\/v2\/tags?post=1370"}],"curies":[{"name":"wp","href":"https:\/\/api.w.org\/{rel}","templated":true}]}}