{"id":1052,"date":"2016-07-15T23:19:27","date_gmt":"2016-07-15T22:19:27","guid":{"rendered":"http:\/\/maricelenmoto.com\/?p=1052"},"modified":"2019-07-31T23:19:59","modified_gmt":"2019-07-31T22:19:59","slug":"the-vee","status":"publish","type":"post","link":"http:\/\/maricelenmoto.com\/fr\/archivos\/1052","title":{"rendered":"The Vee"},"content":{"rendered":"<p>Ce dimanche de juin nous avions rendez-vous avec Finbarr et Jim pour aller faire un tour en moto. Juan et moi nous sommes pr\u00e9par\u00e9s et sommes all\u00e9s prendre notre petit-d\u00e9j\u2019 irlandais \u00e0 un chouette endroit qu\u2019on a d\u00e9couvert en ville. Vers 11h nous \u00e9tions au point de RDV avec Finbarr, en train d\u2019attendre Jim qui lui-m\u00eame attendait ses cl\u00e9s de moto, qui \u00e9taient dans la machine \u00e0 laver&#8230; \ud83d\ude00<\/p>\n<p>Nous sommes finalement partis par Midleton, puis jusqu\u2019\u00e0 Lismore o\u00f9 nous avons fait une pause Coca\/Th\u00e9\/Caf\u00e9\/Tarte. Puis nous avons fait un arr\u00eat photo en bas du village sur le pont, devant le joli ch\u00e2teau de Lismore.<\/p>\n<p><img decoding=\"async\" loading=\"lazy\" class=\"aligncenter size-full wp-image-1034\" src=\"http:\/\/maricelenmoto.com\/wp-content\/uploads\/2019\/06\/2016.06.26-Lismore.jpg\" alt=\"\" width=\"845\" height=\"561\" srcset=\"http:\/\/maricelenmoto.com\/wp-content\/uploads\/2019\/06\/2016.06.26-Lismore.jpg 845w, http:\/\/maricelenmoto.com\/wp-content\/uploads\/2019\/06\/2016.06.26-Lismore-300x199.jpg 300w, http:\/\/maricelenmoto.com\/wp-content\/uploads\/2019\/06\/2016.06.26-Lismore-768x510.jpg 768w\" sizes=\"(max-width: 845px) 100vw, 845px\" \/><\/p>\n<p><img decoding=\"async\" loading=\"lazy\" class=\"aligncenter size-full wp-image-1033\" src=\"http:\/\/maricelenmoto.com\/wp-content\/uploads\/2019\/06\/2016.06.26-Lismore02.jpg\" alt=\"\" width=\"845\" height=\"648\" srcset=\"http:\/\/maricelenmoto.com\/wp-content\/uploads\/2019\/06\/2016.06.26-Lismore02.jpg 845w, http:\/\/maricelenmoto.com\/wp-content\/uploads\/2019\/06\/2016.06.26-Lismore02-300x230.jpg 300w, http:\/\/maricelenmoto.com\/wp-content\/uploads\/2019\/06\/2016.06.26-Lismore02-768x589.jpg 768w\" sizes=\"(max-width: 845px) 100vw, 845px\" \/><\/p>\n<p>Les jardins sont ouverts au public. Nous avons ensuite continu\u00e9 en prenant \u00e0 gauche apr\u00e8s le pont, en direction de \u00ab\u00a0The Vee\u00a0\u00bb (Le \u00ab\u00a0V\u00a0\u00bb).<\/p>\n<p>La route qui y m\u00e8ne est tr\u00e8s jolie, pas tr\u00e8s large mais le goudron est en bon \u00e9tat. Malheureusement nous nous sommes retrouv\u00e9s derri\u00e8re un camion de fioul sans aucun endroit o\u00f9 doubler pendant un moment. La route \u00e9tait tr\u00e8s belle de toutes fa\u00e7ons, sous les arbres et longeant une rivi\u00e8re pour la premi\u00e8re partie. Puis on arrive \u00e0 la partie \u00ab\u00a0montagneuse\u00a0\u00bb avec de belles vues sur les montagnes de chaque c\u00f4t\u00e9.<\/p>\n<p>Nous nous sommes arr\u00eat\u00e9s \u00e0 un premier parking d\u2019o\u00f9 on peut descendre par un chemin qui m\u00e8ne \u00e0 un joli lac, ou on peut monter par un chemin qui va au sommet de la montagne (pas avec les fringues de moto)\u2026<\/p>\n<p><img decoding=\"async\" loading=\"lazy\" class=\"aligncenter size-full wp-image-1032\" src=\"http:\/\/maricelenmoto.com\/wp-content\/uploads\/2019\/06\/2016.06.26-Vee01.jpg\" alt=\"\" width=\"845\" height=\"561\" srcset=\"http:\/\/maricelenmoto.com\/wp-content\/uploads\/2019\/06\/2016.06.26-Vee01.jpg 845w, http:\/\/maricelenmoto.com\/wp-content\/uploads\/2019\/06\/2016.06.26-Vee01-300x199.jpg 300w, http:\/\/maricelenmoto.com\/wp-content\/uploads\/2019\/06\/2016.06.26-Vee01-768x510.jpg 768w\" sizes=\"(max-width: 845px) 100vw, 845px\" \/><\/p>\n<p><img decoding=\"async\" loading=\"lazy\" class=\"aligncenter size-full wp-image-1031\" src=\"http:\/\/maricelenmoto.com\/wp-content\/uploads\/2019\/06\/2016.06.26-TheVee02.jpg\" alt=\"\" width=\"845\" height=\"561\" srcset=\"http:\/\/maricelenmoto.com\/wp-content\/uploads\/2019\/06\/2016.06.26-TheVee02.jpg 845w, http:\/\/maricelenmoto.com\/wp-content\/uploads\/2019\/06\/2016.06.26-TheVee02-300x199.jpg 300w, http:\/\/maricelenmoto.com\/wp-content\/uploads\/2019\/06\/2016.06.26-TheVee02-768x510.jpg 768w\" sizes=\"(max-width: 845px) 100vw, 845px\" \/><\/p>\n<p>Puis on s\u2019est arr\u00eat\u00e9s \u00e0 un deuxi\u00e8me parking avec vue sur le lac. Il faisait un peu nuageux ce jour l\u00e0 mais m\u00eame sans beaucoup de lumi\u00e8re on pouvait appr\u00e9cier la beaut\u00e9 de l\u2019Irlande et ses \u00ab\u00a040 nuances de vert\u00a0\u00bb comme dit la chanson (\u00ab\u00a0Forty Shades of Green).<\/p>\n<p><img decoding=\"async\" loading=\"lazy\" class=\"aligncenter size-full wp-image-1030\" src=\"http:\/\/maricelenmoto.com\/wp-content\/uploads\/2019\/06\/2016.06.26-TheVee03.jpg\" alt=\"\" width=\"845\" height=\"561\" srcset=\"http:\/\/maricelenmoto.com\/wp-content\/uploads\/2019\/06\/2016.06.26-TheVee03.jpg 845w, http:\/\/maricelenmoto.com\/wp-content\/uploads\/2019\/06\/2016.06.26-TheVee03-300x199.jpg 300w, http:\/\/maricelenmoto.com\/wp-content\/uploads\/2019\/06\/2016.06.26-TheVee03-768x510.jpg 768w\" sizes=\"(max-width: 845px) 100vw, 845px\" \/><\/p>\n<p>Puis on s\u2019est arr\u00eat\u00e9s avant un grand virage en \u00e9pingle, dans la descente. Comme c\u2019\u00e9tait nuageux la vue ne s\u2019\u00e9tendait pas tr\u00e8s loin, mais c\u2019\u00e9tait joli quand m\u00eame.<\/p>\n<p><img decoding=\"async\" loading=\"lazy\" class=\"aligncenter size-full wp-image-1029\" src=\"http:\/\/maricelenmoto.com\/wp-content\/uploads\/2019\/06\/2016.06.26-TheVee04.jpg\" alt=\"\" width=\"845\" height=\"561\" srcset=\"http:\/\/maricelenmoto.com\/wp-content\/uploads\/2019\/06\/2016.06.26-TheVee04.jpg 845w, http:\/\/maricelenmoto.com\/wp-content\/uploads\/2019\/06\/2016.06.26-TheVee04-300x199.jpg 300w, http:\/\/maricelenmoto.com\/wp-content\/uploads\/2019\/06\/2016.06.26-TheVee04-768x510.jpg 768w\" sizes=\"(max-width: 845px) 100vw, 845px\" \/><\/p>\n<p>Nous avons descendu la montagne et entam\u00e9 le chemin du retour, sauf que le GPS de Finbarr n\u2019arr\u00eatait pas de nous emmener par des petites routes de campagne\u2026 lol et \u00e0 un moment c\u2019\u00e9tait trop mauvais pour moi, avec de la gadoue laiss\u00e9e par les tracteurs et des graviers et je ne pouvais pas continuer, j\u2019avais trop peur de me planter. Finbarr et Jim voulaient aller jusqu\u2019\u00e0 un pub pour voir le match Irlande-France vu que l\u2019Irlande gagnait 1-0, alors nous avons repris la route principale et avons trouv\u00e9 un pub pour voir la deuxi\u00e8me mi-temps du match.<\/p>\n<p>Puis nous sommes rentr\u00e9s par Youghal et Midleton.<\/p>\n<p>Quelle belle balade sur de belles routes\u00a0!<\/p>\n<p>Tellement belle que le dimanche suivant, de retour de la road race de Skerries, nous nous sommes lev\u00e9s tard et apr\u00e8s un bon petit-d\u00e9jeuner nous sommes repartis en direction de Lismore et The Vee par les m\u00eames routes. Nous n\u2019avons pas fait beaucoup d\u2019arr\u00eats photos mais nous avons bien profit\u00e9 de la route. Cette fois le temps \u00e9tait au beau fixe, avec un superbe soleil et une temp\u00e9rature tr\u00e8s agr\u00e9able. Au parking avec vue sur le lac il y avait un peu de nuages sur les montagnes,<\/p>\n<p><img decoding=\"async\" loading=\"lazy\" class=\"aligncenter size-full wp-image-1043\" src=\"http:\/\/maricelenmoto.com\/wp-content\/uploads\/2019\/06\/20160703-TheVee001.jpg\" alt=\"\" width=\"845\" height=\"561\" srcset=\"http:\/\/maricelenmoto.com\/wp-content\/uploads\/2019\/06\/20160703-TheVee001.jpg 845w, http:\/\/maricelenmoto.com\/wp-content\/uploads\/2019\/06\/20160703-TheVee001-300x199.jpg 300w, http:\/\/maricelenmoto.com\/wp-content\/uploads\/2019\/06\/20160703-TheVee001-768x510.jpg 768w\" sizes=\"(max-width: 845px) 100vw, 845px\" \/><\/p>\n<p><img decoding=\"async\" loading=\"lazy\" class=\"aligncenter size-full wp-image-1042\" src=\"http:\/\/maricelenmoto.com\/wp-content\/uploads\/2019\/06\/20160703-TheVee000.jpg\" alt=\"\" width=\"845\" height=\"561\" srcset=\"http:\/\/maricelenmoto.com\/wp-content\/uploads\/2019\/06\/20160703-TheVee000.jpg 845w, http:\/\/maricelenmoto.com\/wp-content\/uploads\/2019\/06\/20160703-TheVee000-300x199.jpg 300w, http:\/\/maricelenmoto.com\/wp-content\/uploads\/2019\/06\/20160703-TheVee000-768x510.jpg 768w\" sizes=\"(max-width: 845px) 100vw, 845px\" \/><\/p>\n<p><img decoding=\"async\" loading=\"lazy\" class=\"aligncenter size-full wp-image-1044\" src=\"http:\/\/maricelenmoto.com\/wp-content\/uploads\/2019\/06\/20160703-TheVee002.jpg\" alt=\"\" width=\"845\" height=\"547\" srcset=\"http:\/\/maricelenmoto.com\/wp-content\/uploads\/2019\/06\/20160703-TheVee002.jpg 845w, http:\/\/maricelenmoto.com\/wp-content\/uploads\/2019\/06\/20160703-TheVee002-300x194.jpg 300w, http:\/\/maricelenmoto.com\/wp-content\/uploads\/2019\/06\/20160703-TheVee002-768x497.jpg 768w\" sizes=\"(max-width: 845px) 100vw, 845px\" \/><\/p>\n<p><img decoding=\"async\" loading=\"lazy\" class=\"aligncenter size-full wp-image-1036\" src=\"http:\/\/maricelenmoto.com\/wp-content\/uploads\/2019\/06\/20160703TheVeeplus.jpg\" alt=\"\" width=\"845\" height=\"476\" srcset=\"http:\/\/maricelenmoto.com\/wp-content\/uploads\/2019\/06\/20160703TheVeeplus.jpg 845w, http:\/\/maricelenmoto.com\/wp-content\/uploads\/2019\/06\/20160703TheVeeplus-300x169.jpg 300w, http:\/\/maricelenmoto.com\/wp-content\/uploads\/2019\/06\/20160703TheVeeplus-768x433.jpg 768w\" sizes=\"(max-width: 845px) 100vw, 845px\" \/><\/p>\n<p>mais \u00e0 l\u2019\u00e9pingle nous nous sommes arr\u00eat\u00e9s un bon moment pour profiter de la vue, cette fois bien d\u00e9gag\u00e9e.<\/p>\n<p><img decoding=\"async\" loading=\"lazy\" class=\"aligncenter size-full wp-image-1046\" src=\"http:\/\/maricelenmoto.com\/wp-content\/uploads\/2019\/06\/20160703-TheVee003.jpg\" alt=\"\" width=\"845\" height=\"561\" srcset=\"http:\/\/maricelenmoto.com\/wp-content\/uploads\/2019\/06\/20160703-TheVee003.jpg 845w, http:\/\/maricelenmoto.com\/wp-content\/uploads\/2019\/06\/20160703-TheVee003-300x199.jpg 300w, http:\/\/maricelenmoto.com\/wp-content\/uploads\/2019\/06\/20160703-TheVee003-768x510.jpg 768w\" sizes=\"(max-width: 845px) 100vw, 845px\" \/><\/p>\n<p><img decoding=\"async\" loading=\"lazy\" class=\"aligncenter size-full wp-image-1045\" src=\"http:\/\/maricelenmoto.com\/wp-content\/uploads\/2019\/06\/20160703-TheVee004.jpg\" alt=\"\" width=\"845\" height=\"561\" srcset=\"http:\/\/maricelenmoto.com\/wp-content\/uploads\/2019\/06\/20160703-TheVee004.jpg 845w, http:\/\/maricelenmoto.com\/wp-content\/uploads\/2019\/06\/20160703-TheVee004-300x199.jpg 300w, http:\/\/maricelenmoto.com\/wp-content\/uploads\/2019\/06\/20160703-TheVee004-768x510.jpg 768w\" sizes=\"(max-width: 845px) 100vw, 845px\" \/><\/p>\n<p><img decoding=\"async\" loading=\"lazy\" class=\"aligncenter size-full wp-image-1041\" src=\"http:\/\/maricelenmoto.com\/wp-content\/uploads\/2019\/06\/20160703-TheVee005.jpg\" alt=\"\" width=\"845\" height=\"561\" srcset=\"http:\/\/maricelenmoto.com\/wp-content\/uploads\/2019\/06\/20160703-TheVee005.jpg 845w, http:\/\/maricelenmoto.com\/wp-content\/uploads\/2019\/06\/20160703-TheVee005-300x199.jpg 300w, http:\/\/maricelenmoto.com\/wp-content\/uploads\/2019\/06\/20160703-TheVee005-768x510.jpg 768w\" sizes=\"(max-width: 845px) 100vw, 845px\" \/><\/p>\n<p>Un groupe de motards est aussi venu nous informer gentiment qu\u2019il y avait un radar mobile en bas dans le village\u2026 heureusement parce que sinon on se serait fait prendre tous les 2, et les 2 motards qui nous suivaient aussi\u2026<\/p>\n<p>Sur le chemin du retour, nous nous sommes arr\u00eat\u00e9s \u00e0 Adfinnan pour manger une glace et boire un coup dans un joli jardin.<\/p>\n<p><img decoding=\"async\" loading=\"lazy\" class=\"aligncenter size-full wp-image-1035\" src=\"http:\/\/maricelenmoto.com\/wp-content\/uploads\/2019\/06\/20160703_Ardfinnan.jpg\" alt=\"\" width=\"845\" height=\"476\" srcset=\"http:\/\/maricelenmoto.com\/wp-content\/uploads\/2019\/06\/20160703_Ardfinnan.jpg 845w, http:\/\/maricelenmoto.com\/wp-content\/uploads\/2019\/06\/20160703_Ardfinnan-300x169.jpg 300w, http:\/\/maricelenmoto.com\/wp-content\/uploads\/2019\/06\/20160703_Ardfinnan-768x433.jpg 768w\" sizes=\"(max-width: 845px) 100vw, 845px\" \/><\/p>\n<p>Puis nous nous sommes arr\u00eat\u00e9s au Port de Dungarvan<\/p>\n<p><img decoding=\"async\" loading=\"lazy\" class=\"aligncenter size-full wp-image-1039\" src=\"http:\/\/maricelenmoto.com\/wp-content\/uploads\/2019\/06\/20160703-Dungarvan002.jpg\" alt=\"\" width=\"845\" height=\"561\" srcset=\"http:\/\/maricelenmoto.com\/wp-content\/uploads\/2019\/06\/20160703-Dungarvan002.jpg 845w, http:\/\/maricelenmoto.com\/wp-content\/uploads\/2019\/06\/20160703-Dungarvan002-300x199.jpg 300w, http:\/\/maricelenmoto.com\/wp-content\/uploads\/2019\/06\/20160703-Dungarvan002-768x510.jpg 768w\" sizes=\"(max-width: 845px) 100vw, 845px\" \/><\/p>\n<p><img decoding=\"async\" loading=\"lazy\" class=\"aligncenter size-full wp-image-1040\" src=\"http:\/\/maricelenmoto.com\/wp-content\/uploads\/2019\/06\/20160703-Dungarvan001.jpg\" alt=\"\" width=\"845\" height=\"561\" srcset=\"http:\/\/maricelenmoto.com\/wp-content\/uploads\/2019\/06\/20160703-Dungarvan001.jpg 845w, http:\/\/maricelenmoto.com\/wp-content\/uploads\/2019\/06\/20160703-Dungarvan001-300x199.jpg 300w, http:\/\/maricelenmoto.com\/wp-content\/uploads\/2019\/06\/20160703-Dungarvan001-768x510.jpg 768w\" sizes=\"(max-width: 845px) 100vw, 845px\" \/><\/p>\n<p>o\u00f9 il y a un ch\u00e2teau,<\/p>\n<p><img decoding=\"async\" loading=\"lazy\" class=\"aligncenter size-full wp-image-1038\" src=\"http:\/\/maricelenmoto.com\/wp-content\/uploads\/2019\/06\/20160703-Dungarvan003.jpg\" alt=\"\" width=\"845\" height=\"561\" srcset=\"http:\/\/maricelenmoto.com\/wp-content\/uploads\/2019\/06\/20160703-Dungarvan003.jpg 845w, http:\/\/maricelenmoto.com\/wp-content\/uploads\/2019\/06\/20160703-Dungarvan003-300x199.jpg 300w, http:\/\/maricelenmoto.com\/wp-content\/uploads\/2019\/06\/20160703-Dungarvan003-768x510.jpg 768w\" sizes=\"(max-width: 845px) 100vw, 845px\" \/><\/p>\n<p>et un m\u00e9morial aux Hommes de Waterford tomb\u00e9s sur le Continent pendant la Premi\u00e8re\u00a0Guerre Mondiale.<\/p>\n<p><img decoding=\"async\" loading=\"lazy\" class=\"aligncenter size-full wp-image-1037\" src=\"http:\/\/maricelenmoto.com\/wp-content\/uploads\/2019\/06\/20160703-Dungarvan004.jpg\" alt=\"\" width=\"845\" height=\"561\" srcset=\"http:\/\/maricelenmoto.com\/wp-content\/uploads\/2019\/06\/20160703-Dungarvan004.jpg 845w, http:\/\/maricelenmoto.com\/wp-content\/uploads\/2019\/06\/20160703-Dungarvan004-300x199.jpg 300w, http:\/\/maricelenmoto.com\/wp-content\/uploads\/2019\/06\/20160703-Dungarvan004-768x510.jpg 768w\" sizes=\"(max-width: 845px) 100vw, 845px\" \/><\/p>\n<p>C\u2019est tellement triste de voir autant de jeunes vies perdues \ud83d\ude41 .<\/p>\n<p>C\u2019\u00e9tait une superbe balade, de belles routes et presque pas de circulation.<\/p>\n<p><a href=\"https:\/\/www.google.ie\/maps\/dir\/Midleton,+Co.+Cork\/Lismore,+Co.+Waterford\/Ardfinnan\/Dungarvan\/Youghal\/Midleton,+Cork\/@52.1261091,-7.9480711,11z\/data=!4m38!4m37!1m5!1m1!1s0x4843632e6496215d:0xd26067279781bd2e!2m2!1d-8.1722358!2d51.9137126!1m5!1m1!1s0x484341a7a4f09395:0xa00c7a997320ef0!2m2!1d-7.9376803!2d52.1358184!1m5!1m1!1s0x484337b55065f6fb:0xa00c7a997319800!2m2!1d-7.8842292!2d52.3092483!1m5!1m1!1s0x4843178c29a95927:0x1c0a63eecc1dc09f!2m2!1d-7.6203627!2d52.0936763!1m5!1m1!1s0x48436d0a666d8ed1:0xa00c7a997320110!2m2!1d-7.8471707!2d51.9542704!1m5!1m1!1s0x4843632e6496215d:0xd26067279781bd2e!2m2!1d-8.1722358!2d51.9137126!3e0?hl=en\" target=\"_blank\" rel=\"noopener\"><img decoding=\"async\" loading=\"lazy\" class=\"aligncenter wp-image-1028 size-full\" src=\"http:\/\/maricelenmoto.com\/wp-content\/uploads\/2019\/06\/TheVee.jpg\" alt=\"\" width=\"700\" height=\"700\" srcset=\"http:\/\/maricelenmoto.com\/wp-content\/uploads\/2019\/06\/TheVee.jpg 700w, http:\/\/maricelenmoto.com\/wp-content\/uploads\/2019\/06\/TheVee-150x150.jpg 150w, http:\/\/maricelenmoto.com\/wp-content\/uploads\/2019\/06\/TheVee-300x300.jpg 300w\" sizes=\"(max-width: 700px) 100vw, 700px\" \/><\/a><\/p>\n<p>Il faudra y retourner de temps en temps\u00a0!<\/p>\n<p>Merci \u00e0 notre chouette guide pour nous faire d\u00e9couvrir ces jolies routes et beaux endroits\u00a0!<\/p>\n<p>V\u2019s<\/p>","protected":false},"excerpt":{"rendered":"<p>Ce dimanche de juin nous avions rendez-vous avec Finbarr et Jim pour aller faire un&#8230;<\/p>\n","protected":false},"author":1,"featured_media":1031,"comment_status":"open","ping_status":"open","sticky":false,"template":"","format":"standard","meta":{"sfsi_plus_gutenberg_text_before_share":"","sfsi_plus_gutenberg_show_text_before_share":"","sfsi_plus_gutenberg_icon_type":"","sfsi_plus_gutenberg_icon_alignemt":"","sfsi_plus_gutenburg_max_per_row":""},"categories":[36],"tags":[59,49],"_links":{"self":[{"href":"http:\/\/maricelenmoto.com\/fr\/wp-json\/wp\/v2\/posts\/1052"}],"collection":[{"href":"http:\/\/maricelenmoto.com\/fr\/wp-json\/wp\/v2\/posts"}],"about":[{"href":"http:\/\/maricelenmoto.com\/fr\/wp-json\/wp\/v2\/types\/post"}],"author":[{"embeddable":true,"href":"http:\/\/maricelenmoto.com\/fr\/wp-json\/wp\/v2\/users\/1"}],"replies":[{"embeddable":true,"href":"http:\/\/maricelenmoto.com\/fr\/wp-json\/wp\/v2\/comments?post=1052"}],"version-history":[{"count":7,"href":"http:\/\/maricelenmoto.com\/fr\/wp-json\/wp\/v2\/posts\/1052\/revisions"}],"predecessor-version":[{"id":1343,"href":"http:\/\/maricelenmoto.com\/fr\/wp-json\/wp\/v2\/posts\/1052\/revisions\/1343"}],"wp:featuredmedia":[{"embeddable":true,"href":"http:\/\/maricelenmoto.com\/fr\/wp-json\/wp\/v2\/media\/1031"}],"wp:attachment":[{"href":"http:\/\/maricelenmoto.com\/fr\/wp-json\/wp\/v2\/media?parent=1052"}],"wp:term":[{"taxonomy":"category","embeddable":true,"href":"http:\/\/maricelenmoto.com\/fr\/wp-json\/wp\/v2\/categories?post=1052"},{"taxonomy":"post_tag","embeddable":true,"href":"http:\/\/maricelenmoto.com\/fr\/wp-json\/wp\/v2\/tags?post=1052"}],"curies":[{"name":"wp","href":"https:\/\/api.w.org\/{rel}","templated":true}]}}